{"id":7280,"date":"2022-05-23T13:50:20","date_gmt":"2022-05-23T13:50:20","guid":{"rendered":"http:\/\/lahora.mx\/?p=7280"},"modified":"2022-05-23T13:50:20","modified_gmt":"2022-05-23T13:50:20","slug":"defensoras-de-los-derechos-de-las-mujeres-asegura-salomon-jara-claudia-sheinbaum-y-lorena-cuellar","status":"publish","type":"post","link":"https:\/\/lahora.mx\/index.php\/2022\/05\/23\/defensoras-de-los-derechos-de-las-mujeres-asegura-salomon-jara-claudia-sheinbaum-y-lorena-cuellar\/","title":{"rendered":"Defensoras de los derechos de las mujeres, asegura Salom\u00f3n Jara: Claudia Sheinbaum y Lorena Cu\u00e9llar"},"content":{"rendered":"\n<p>A trav\u00e9s de su cuenta de Twitter,\u00a0<strong>Salom\u00f3n<\/strong>\u00a0<strong>Jara<\/strong>\u00a0asegur\u00f3 que el cambio del\u00a0pa\u00eds se debe llevar a cabo en conjunto con las mujeres o no tendr\u00eda sentido realizarlo.<br>Adem\u00e1s de este mensaje, el pol\u00edtico public\u00f3 uno m\u00e1s en el que asegur\u00f3 que tanto\u00a0<strong>Claudia<\/strong>\u00a0<strong>Sheinbaum<\/strong>, jefa de Gobierno de la Ciudad de M\u00e9xico, y\u00a0<strong>Lorena<\/strong>\u00a0<strong>Cu\u00e9llar<\/strong>, gobernadora de Tlaxcala, son defensoras activas de los derechos de las mujeres.\u00a0<br><\/p>\n\n\n\n<p>Durante el mit\u00edn que realiz\u00f3 en la Plaza\u00a0de la\u00a0Danza, ubicada\u00a0en el municipio de\u00a0Oaxaca\u00a0de\u00a0Ju\u00e1rez, Salom\u00f3n Jara prometo replicar la L\u00ednea un n\u00famero telef\u00f3nico que funciona para combatir la\u00a0contra la violencia de g\u00e9nero en la CDMX y el cual atiende al sexo femenino las 24 horas del d\u00eda.\u00a0<\/p>\n\n\n\n<p>El aspirante a dirigir la entidad reconoci\u00f3 adem\u00e1s a sus\u00a0<strong>colegas<\/strong>, con las cuales asegur\u00f3 coincidir en cuanto a agenda, as\u00ed como en el compromiso de velar por la<strong>\u00a0seguridad<\/strong>\u00a0de las\u00a0<strong>mujeres<\/strong>.\u00a0<br>En mensajes previos, tanto\u00a0<strong>Sheinbaum<\/strong>\u00a0como\u00a0<strong>Cu\u00e9llar<\/strong>\u00a0pronosticaron que el pol\u00edtico ganar\u00eda la elecci\u00f3n, la cual se realizar\u00e1 el pr\u00f3ximo 5 de junio en la entidad.\u00a0<\/p>\n","protected":false},"excerpt":{"rendered":"<p>A trav\u00e9s de su cuenta de Twitter,\u00a0Salom\u00f3n\u00a0Jara\u00a0asegur\u00f3 que el cambio del\u00a0pa\u00eds se debe llevar a cabo en conjunto con las mujeres o no tendr\u00eda sentido realizarlo.Adem\u00e1s de este mensaje, el pol\u00edtico public\u00f3 uno m\u00e1s en el que asegur\u00f3 que tanto\u00a0Claudia\u00a0Sheinbaum, jefa de Gobierno de la Ciudad de M\u00e9xico, y\u00a0Lorena\u00a0Cu\u00e9llar, gobernadora de Tlaxcala, son defensoras activas [&hellip;]<\/p>\n","protected":false},"author":4,"featured_media":7281,"comment_status":"open","ping_status":"open","sticky":false,"template":"","format":"standard","meta":{"om_disable_all_campaigns":false,"_monsterinsights_skip_tracking":false,"_monsterinsights_sitenote_active":false,"_monsterinsights_sitenote_note":"","_monsterinsights_sitenote_category":0,"footnotes":""},"categories":[176],"tags":[195,223],"class_list":["post-7280","post","type-post","status-publish","format-standard","has-post-thumbnail","hentry","category-nacional","tag-principal","tag-puebla"],"amp_enabled":true,"_links":{"self":[{"href":"https:\/\/lahora.mx\/index.php\/wp-json\/wp\/v2\/posts\/7280","targetHints":{"allow":["GET"]}}],"collection":[{"href":"https:\/\/lahora.mx\/index.php\/wp-json\/wp\/v2\/posts"}],"about":[{"href":"https:\/\/lahora.mx\/index.php\/wp-json\/wp\/v2\/types\/post"}],"author":[{"embeddable":true,"href":"https:\/\/lahora.mx\/index.php\/wp-json\/wp\/v2\/users\/4"}],"replies":[{"embeddable":true,"href":"https:\/\/lahora.mx\/index.php\/wp-json\/wp\/v2\/comments?post=7280"}],"version-history":[{"count":1,"href":"https:\/\/lahora.mx\/index.php\/wp-json\/wp\/v2\/posts\/7280\/revisions"}],"predecessor-version":[{"id":7282,"href":"https:\/\/lahora.mx\/index.php\/wp-json\/wp\/v2\/posts\/7280\/revisions\/7282"}],"wp:featuredmedia":[{"embeddable":true,"href":"https:\/\/lahora.mx\/index.php\/wp-json\/wp\/v2\/media\/7281"}],"wp:attachment":[{"href":"https:\/\/lahora.mx\/index.php\/wp-json\/wp\/v2\/media?parent=7280"}],"wp:term":[{"taxonomy":"category","embeddable":true,"href":"https:\/\/lahora.mx\/index.php\/wp-json\/wp\/v2\/categories?post=7280"},{"taxonomy":"post_tag","embeddable":true,"href":"https:\/\/lahora.mx\/index.php\/wp-json\/wp\/v2\/tags?post=7280"}],"curies":[{"name":"wp","href":"https:\/\/api.w.org\/{rel}","templated":true}]}}