{"id":72793,"date":"2025-12-09T18:48:57","date_gmt":"2025-12-09T18:48:57","guid":{"rendered":"https:\/\/lahora.mx\/?p=72793"},"modified":"2025-12-09T18:48:58","modified_gmt":"2025-12-09T18:48:58","slug":"puebla-sede-de-corea-en-el-mundial-2026","status":"publish","type":"post","link":"https:\/\/lahora.mx\/index.php\/2025\/12\/09\/puebla-sede-de-corea-en-el-mundial-2026\/","title":{"rendered":"Puebla sede de Corea en el Mundial 2026"},"content":{"rendered":"\n<p>Puebla ser\u00eda sede de los entrenamientos de Corea del Sur para el <a href=\"https:\/\/x.com\/hashtag\/Mundial2026?src=hashtag_click\">#Mundial2026<\/a> de la <a href=\"https:\/\/x.com\/hashtag\/FIFAWorldCup2026?src=hashtag_click\">#FIFAWorldCup2026<\/a> de acuerdo a los ultimos datos revelados por fuentes de la misma Corea<\/p>\n\n\n\n<p>De acuerdo a la informaci\u00f3n disponible, las autoridades de Puebla recibieron a la delegaci\u00f3n de la Selecci\u00f3n de Corea del Sur, quienes hicieron una evaluaci\u00f3n de la infraestructura hotelera y estadios para considerar a la entidad como sede de entrenamientos rumbo al Mundial de F\u00fatbol 2026. <\/p>\n\n\n\n<p>La delegaci\u00f3n, encabezada por el entrenador Hong Myung-bo, e integrada por el gerente de operaciones Taesoo Kim, sostuvo recorridos y sesiones t\u00e9cnicas con autoridades del estado. Durante la jornada tambi\u00e9n particip\u00f3 Maximilian Kort, representante de FIFA, quien conoci\u00f3 las capacidades instaladas para eventos deportivos internacionales. <\/p>\n\n\n\n<p>Por parte de Puebla participaron la secretaria de Desarrollo Tur\u00edstico, Carla L\u00f3pez-Malo; el secretario de Seguridad P\u00fablica, vicealmirante Francisco S\u00e1nchez; el subsecretario de Deporte y Juventud, Francisco Bonilla y el representante de la Universidad del Deporte, Isidro S\u00e1nchez.<\/p>\n","protected":false},"excerpt":{"rendered":"<p>Puebla ser\u00eda sede de los entrenamientos de Corea del Sur para el #Mundial2026 de la #FIFAWorldCup2026 de acuerdo a los ultimos datos revelados por fuentes de la misma Corea De acuerdo a la informaci\u00f3n disponible, las autoridades de Puebla recibieron a la delegaci\u00f3n de la Selecci\u00f3n de Corea del Sur, quienes hicieron una evaluaci\u00f3n de [&hellip;]<\/p>\n","protected":false},"author":1,"featured_media":72794,"comment_status":"open","ping_status":"open","sticky":false,"template":"","format":"standard","meta":{"om_disable_all_campaigns":false,"_monsterinsights_skip_tracking":false,"_monsterinsights_sitenote_active":false,"_monsterinsights_sitenote_note":"","_monsterinsights_sitenote_category":0,"footnotes":""},"categories":[175,6],"tags":[],"class_list":["post-72793","post","type-post","status-publish","format-standard","has-post-thumbnail","hentry","category-local","category-sports"],"amp_enabled":true,"_links":{"self":[{"href":"https:\/\/lahora.mx\/index.php\/wp-json\/wp\/v2\/posts\/72793","targetHints":{"allow":["GET"]}}],"collection":[{"href":"https:\/\/lahora.mx\/index.php\/wp-json\/wp\/v2\/posts"}],"about":[{"href":"https:\/\/lahora.mx\/index.php\/wp-json\/wp\/v2\/types\/post"}],"author":[{"embeddable":true,"href":"https:\/\/lahora.mx\/index.php\/wp-json\/wp\/v2\/users\/1"}],"replies":[{"embeddable":true,"href":"https:\/\/lahora.mx\/index.php\/wp-json\/wp\/v2\/comments?post=72793"}],"version-history":[{"count":1,"href":"https:\/\/lahora.mx\/index.php\/wp-json\/wp\/v2\/posts\/72793\/revisions"}],"predecessor-version":[{"id":72795,"href":"https:\/\/lahora.mx\/index.php\/wp-json\/wp\/v2\/posts\/72793\/revisions\/72795"}],"wp:featuredmedia":[{"embeddable":true,"href":"https:\/\/lahora.mx\/index.php\/wp-json\/wp\/v2\/media\/72794"}],"wp:attachment":[{"href":"https:\/\/lahora.mx\/index.php\/wp-json\/wp\/v2\/media?parent=72793"}],"wp:term":[{"taxonomy":"category","embeddable":true,"href":"https:\/\/lahora.mx\/index.php\/wp-json\/wp\/v2\/categories?post=72793"},{"taxonomy":"post_tag","embeddable":true,"href":"https:\/\/lahora.mx\/index.php\/wp-json\/wp\/v2\/tags?post=72793"}],"curies":[{"name":"wp","href":"https:\/\/api.w.org\/{rel}","templated":true}]}}