{"id":72775,"date":"2025-12-09T16:15:32","date_gmt":"2025-12-09T16:15:32","guid":{"rendered":"https:\/\/lahora.mx\/?p=72775"},"modified":"2025-12-09T16:15:33","modified_gmt":"2025-12-09T16:15:33","slug":"rechazan-construccion-de-casas-de-bienestar-por-riesgo-de-afectar-manantial-la-taza-en-tehuacan","status":"publish","type":"post","link":"https:\/\/lahora.mx\/index.php\/2025\/12\/09\/rechazan-construccion-de-casas-de-bienestar-por-riesgo-de-afectar-manantial-la-taza-en-tehuacan\/","title":{"rendered":"Rechazan construcci\u00f3n de Casas de Bienestar por riesgo de afectar manantial La Taza en Tehuac\u00e1n"},"content":{"rendered":"\n<p>Luego de que se diera a conocer que existe la posibilidad de que en un predio de la junta auxiliar de San Marcos, perteneciente a Tehuac\u00e1n y que colinda con San Gabriel Chilac se estar\u00eda construyendo alrededor de 100 Casas del Bienestar, el Movimiento de Autogesti\u00f3n Social, Campesina, Ind\u00edgena, Popular, Coordinadora Nacional Plan de Ayala Movimiento Nacional (Mascip-Cnpa-Mn), se\u00f1al\u00f3 que rechaza el proyecto por la afectaci\u00f3n que se registrar\u00eda a el manantial La Taza.<\/p>\n\n\n\n<p>El l\u00edder de este movimiento, Jos\u00e9 Luis Leyva Machuca, indic\u00f3 que, al encontrarse este manantial a flor de tierra, las afectaciones que se tendr\u00edan al construir un conjunto habitacional en la zona ser\u00eda de gran impacto, pues se desconoce hacia d\u00f3nde ser\u00edan las descargas de aguas residuales, lo cual tambi\u00e9n perjudica a otros municipios que se abastecen de esta fuente.<br>Manifest\u00f3 que sabe que el proyecto es federal, pero que el municipio de Tehuac\u00e1n estar\u00eda otorgando el terreno para las viviendas, que es el mismo que el anterior Ayuntamiento quer\u00eda destinar para la construcci\u00f3n de un relleno sanitario, el cual se logr\u00f3 frenar mediante un amparo, es por eso que no est\u00e1n de acuerdo por las afectaciones que esto puede causar a una de las principales fuentes de abastecimiento de agua de la zona.<\/p>\n\n\n\n<p>Coment\u00f3 que en su momento los mismos pobladores de la zona frenaron el proyecto para la basura y las maquinarias que realizaban los trabajos, realizando zanjas de grandes dimensiones por lo que ahora exigen que se remedie este sitio.<\/p>\n\n\n\n<p>Leyva Machuca manifest\u00f3 que otra de las situaciones que estar\u00e1n solicitando a las autoridades correspondientes como es la Procuradur\u00eda Federal de Protecci\u00f3n al Ambiente (Profepa), as\u00ed como la Secretar\u00eda del Medio Ambiente y Recursos Naturales (SEMARNAT) que se presenten una investigaci\u00f3n de la zona y el Manifiesto de Impacto Ambiental para efectuar cualquier proyecto, pues de lo contrario no dejar\u00e1n que se desarrolle ninguno.<\/p>\n\n\n\n<p>Cabe mencionar que el presidente municipal Alejandro Barroso Ch\u00e1vez, aun cuando adelant\u00f3 sobre la participaci\u00f3n que Tehuac\u00e1n tendr\u00eda en las Casas del Bienestar, coment\u00f3 que se estaba analizando a d\u00f3nde se edificar\u00edan.<\/p>\n","protected":false},"excerpt":{"rendered":"<p>Luego de que se diera a conocer que existe la posibilidad de que en un predio de la junta auxiliar de San Marcos, perteneciente a Tehuac\u00e1n y que colinda con San Gabriel Chilac se estar\u00eda construyendo alrededor de 100 Casas del Bienestar, el Movimiento de Autogesti\u00f3n Social, Campesina, Ind\u00edgena, Popular, Coordinadora Nacional Plan de Ayala [&hellip;]<\/p>\n","protected":false},"author":1,"featured_media":72776,"comment_status":"open","ping_status":"open","sticky":false,"template":"","format":"standard","meta":{"om_disable_all_campaigns":false,"_monsterinsights_skip_tracking":false,"_monsterinsights_sitenote_active":false,"_monsterinsights_sitenote_note":"","_monsterinsights_sitenote_category":0,"footnotes":""},"categories":[175],"tags":[],"class_list":["post-72775","post","type-post","status-publish","format-standard","has-post-thumbnail","hentry","category-local"],"amp_enabled":true,"_links":{"self":[{"href":"https:\/\/lahora.mx\/index.php\/wp-json\/wp\/v2\/posts\/72775","targetHints":{"allow":["GET"]}}],"collection":[{"href":"https:\/\/lahora.mx\/index.php\/wp-json\/wp\/v2\/posts"}],"about":[{"href":"https:\/\/lahora.mx\/index.php\/wp-json\/wp\/v2\/types\/post"}],"author":[{"embeddable":true,"href":"https:\/\/lahora.mx\/index.php\/wp-json\/wp\/v2\/users\/1"}],"replies":[{"embeddable":true,"href":"https:\/\/lahora.mx\/index.php\/wp-json\/wp\/v2\/comments?post=72775"}],"version-history":[{"count":1,"href":"https:\/\/lahora.mx\/index.php\/wp-json\/wp\/v2\/posts\/72775\/revisions"}],"predecessor-version":[{"id":72777,"href":"https:\/\/lahora.mx\/index.php\/wp-json\/wp\/v2\/posts\/72775\/revisions\/72777"}],"wp:featuredmedia":[{"embeddable":true,"href":"https:\/\/lahora.mx\/index.php\/wp-json\/wp\/v2\/media\/72776"}],"wp:attachment":[{"href":"https:\/\/lahora.mx\/index.php\/wp-json\/wp\/v2\/media?parent=72775"}],"wp:term":[{"taxonomy":"category","embeddable":true,"href":"https:\/\/lahora.mx\/index.php\/wp-json\/wp\/v2\/categories?post=72775"},{"taxonomy":"post_tag","embeddable":true,"href":"https:\/\/lahora.mx\/index.php\/wp-json\/wp\/v2\/tags?post=72775"}],"curies":[{"name":"wp","href":"https:\/\/api.w.org\/{rel}","templated":true}]}}