{"id":72763,"date":"2025-12-09T16:11:30","date_gmt":"2025-12-09T16:11:30","guid":{"rendered":"https:\/\/lahora.mx\/?p=72763"},"modified":"2025-12-09T16:11:44","modified_gmt":"2025-12-09T16:11:44","slug":"dif-estatal-entrego-132-mil-apoyos-a-damnificados-de-las-sierras-norte-y-nororiental","status":"publish","type":"post","link":"https:\/\/lahora.mx\/index.php\/2025\/12\/09\/dif-estatal-entrego-132-mil-apoyos-a-damnificados-de-las-sierras-norte-y-nororiental\/","title":{"rendered":"DIF estatal entreg\u00f3 132 mil apoyos a damnificados de las Sierras Norte y Nororiental"},"content":{"rendered":"\n<p>El Sistema Estatal DIF entreg\u00f3 132 mil apoyos en 19 municipios, que se vieron afectados por la contingencia clim\u00e1tica en la Sierra Norte y Nororiental de Puebla, inform\u00f3 el director Juan Carlos Valdez, durante la ma\u00f1anera de este d\u00eda del gobernador de Puebla, Alejandro Armenta Mier.<\/p>\n\n\n\n<p>Agreg\u00f3 que realizaron 10 jornadas de atenci\u00f3n en Xicotepec, Huauchinango, Zacapoaxtla y Tehuac\u00e1n, entre otros, donde el DIF Estatal respald\u00f3 a 28 mil 500 personas y entreg\u00f3 21 mil 600 apoyos, como asesor\u00edas jur\u00eddicas y consultas m\u00e9dicas.<\/p>\n\n\n\n<p>El gobierno estatal declar\u00f3 \u201czona de desastre natural\u201d a 23 municipios de Puebla despu\u00e9s de las intensas lluvias que se registraron del 7 al 11 de octubre, derivadas de los disturbios tropicales Tormenta Jerry y Tormenta Raymond.<\/p>\n\n\n\n<p>El decreto aplic\u00f3 principalmente para municipios de las regiones de Sierra Norte, Nororiental y Negra.<\/p>\n\n\n\n<p>Las autoridades informaron que la mayor\u00eda de los da\u00f1os se concentraron en la destrucci\u00f3n de viviendas, caminos, cultivos e infraestructura b\u00e1sica.<\/p>\n\n\n\n<p>Por las fuertes lluvias contabilizaron m\u00e1s de 10 mil viviendas afectadas en la Sierra Norte tras las lluvias.<\/p>\n\n\n\n<p><\/p>\n","protected":false},"excerpt":{"rendered":"<p>El Sistema Estatal DIF entreg\u00f3 132 mil apoyos en 19 municipios, que se vieron afectados por la contingencia clim\u00e1tica en la Sierra Norte y Nororiental de Puebla, inform\u00f3 el director Juan Carlos Valdez, durante la ma\u00f1anera de este d\u00eda del gobernador de Puebla, Alejandro Armenta Mier. Agreg\u00f3 que realizaron 10 jornadas de atenci\u00f3n en Xicotepec, [&hellip;]<\/p>\n","protected":false},"author":1,"featured_media":72764,"comment_status":"open","ping_status":"open","sticky":false,"template":"","format":"standard","meta":{"om_disable_all_campaigns":false,"_monsterinsights_skip_tracking":false,"_monsterinsights_sitenote_active":false,"_monsterinsights_sitenote_note":"","_monsterinsights_sitenote_category":0,"footnotes":""},"categories":[175],"tags":[239,223],"class_list":["post-72763","post","type-post","status-publish","format-standard","has-post-thumbnail","hentry","category-local","tag-gobierno","tag-puebla"],"amp_enabled":true,"_links":{"self":[{"href":"https:\/\/lahora.mx\/index.php\/wp-json\/wp\/v2\/posts\/72763","targetHints":{"allow":["GET"]}}],"collection":[{"href":"https:\/\/lahora.mx\/index.php\/wp-json\/wp\/v2\/posts"}],"about":[{"href":"https:\/\/lahora.mx\/index.php\/wp-json\/wp\/v2\/types\/post"}],"author":[{"embeddable":true,"href":"https:\/\/lahora.mx\/index.php\/wp-json\/wp\/v2\/users\/1"}],"replies":[{"embeddable":true,"href":"https:\/\/lahora.mx\/index.php\/wp-json\/wp\/v2\/comments?post=72763"}],"version-history":[{"count":2,"href":"https:\/\/lahora.mx\/index.php\/wp-json\/wp\/v2\/posts\/72763\/revisions"}],"predecessor-version":[{"id":72766,"href":"https:\/\/lahora.mx\/index.php\/wp-json\/wp\/v2\/posts\/72763\/revisions\/72766"}],"wp:featuredmedia":[{"embeddable":true,"href":"https:\/\/lahora.mx\/index.php\/wp-json\/wp\/v2\/media\/72764"}],"wp:attachment":[{"href":"https:\/\/lahora.mx\/index.php\/wp-json\/wp\/v2\/media?parent=72763"}],"wp:term":[{"taxonomy":"category","embeddable":true,"href":"https:\/\/lahora.mx\/index.php\/wp-json\/wp\/v2\/categories?post=72763"},{"taxonomy":"post_tag","embeddable":true,"href":"https:\/\/lahora.mx\/index.php\/wp-json\/wp\/v2\/tags?post=72763"}],"curies":[{"name":"wp","href":"https:\/\/api.w.org\/{rel}","templated":true}]}}