{"id":72757,"date":"2025-12-09T02:17:02","date_gmt":"2025-12-09T02:17:02","guid":{"rendered":"https:\/\/lahora.mx\/?p=72757"},"modified":"2025-12-09T02:17:03","modified_gmt":"2025-12-09T02:17:03","slug":"gobierno-estatal-preve-fuertes-lluvias-en-el-norte-de-puebla-por-frente-frio-19","status":"publish","type":"post","link":"https:\/\/lahora.mx\/index.php\/2025\/12\/09\/gobierno-estatal-preve-fuertes-lluvias-en-el-norte-de-puebla-por-frente-frio-19\/","title":{"rendered":"Gobierno Estatal prev\u00e9 fuertes lluvias en el norte de Puebla por Frente Fr\u00edo 19"},"content":{"rendered":"\n<p>El Gobierno del Estado de Puebla, a trav\u00e9s de la Coordinaci\u00f3n General de Protecci\u00f3n Civil y Gesti\u00f3n del Riesgo de Desastres, informa que como parte del monitoreo meteorol\u00f3gico que se tiene de manera permanente ante el Frente Fr\u00edo no. 19, se emitieron alertas y recomendaciones a los 217 municipios respecto de las condiciones que generar\u00e1 esta masa de aire polar.<\/p>\n\n\n\n<p>Para la entidad se prev\u00e9 un ambiente templado durante este lunes en la capital poblana, as\u00ed como atenci\u00f3n especial por lluvias muy fuertes a intensas en las Sierras Norte y Nororiental, acompa\u00f1adas de actividad el\u00e9ctrica, rachas fuertes de viento y posible ca\u00edda de granizo.<br>En el resto del estado se esperan lluvias de ligeras a moderadas.<\/p>\n\n\n\n<p>Se exhorta a la poblaci\u00f3n a extremar precauciones y mantenerse informada a trav\u00e9s de fuentes oficiales.<\/p>\n","protected":false},"excerpt":{"rendered":"<p>El Gobierno del Estado de Puebla, a trav\u00e9s de la Coordinaci\u00f3n General de Protecci\u00f3n Civil y Gesti\u00f3n del Riesgo de Desastres, informa que como parte del monitoreo meteorol\u00f3gico que se tiene de manera permanente ante el Frente Fr\u00edo no. 19, se emitieron alertas y recomendaciones a los 217 municipios respecto de las condiciones que generar\u00e1 [&hellip;]<\/p>\n","protected":false},"author":1,"featured_media":72758,"comment_status":"open","ping_status":"open","sticky":false,"template":"","format":"standard","meta":{"om_disable_all_campaigns":false,"_monsterinsights_skip_tracking":false,"_monsterinsights_sitenote_active":false,"_monsterinsights_sitenote_note":"","_monsterinsights_sitenote_category":0,"footnotes":""},"categories":[175],"tags":[239,195,223],"class_list":["post-72757","post","type-post","status-publish","format-standard","has-post-thumbnail","hentry","category-local","tag-gobierno","tag-principal","tag-puebla"],"amp_enabled":true,"_links":{"self":[{"href":"https:\/\/lahora.mx\/index.php\/wp-json\/wp\/v2\/posts\/72757","targetHints":{"allow":["GET"]}}],"collection":[{"href":"https:\/\/lahora.mx\/index.php\/wp-json\/wp\/v2\/posts"}],"about":[{"href":"https:\/\/lahora.mx\/index.php\/wp-json\/wp\/v2\/types\/post"}],"author":[{"embeddable":true,"href":"https:\/\/lahora.mx\/index.php\/wp-json\/wp\/v2\/users\/1"}],"replies":[{"embeddable":true,"href":"https:\/\/lahora.mx\/index.php\/wp-json\/wp\/v2\/comments?post=72757"}],"version-history":[{"count":1,"href":"https:\/\/lahora.mx\/index.php\/wp-json\/wp\/v2\/posts\/72757\/revisions"}],"predecessor-version":[{"id":72759,"href":"https:\/\/lahora.mx\/index.php\/wp-json\/wp\/v2\/posts\/72757\/revisions\/72759"}],"wp:featuredmedia":[{"embeddable":true,"href":"https:\/\/lahora.mx\/index.php\/wp-json\/wp\/v2\/media\/72758"}],"wp:attachment":[{"href":"https:\/\/lahora.mx\/index.php\/wp-json\/wp\/v2\/media?parent=72757"}],"wp:term":[{"taxonomy":"category","embeddable":true,"href":"https:\/\/lahora.mx\/index.php\/wp-json\/wp\/v2\/categories?post=72757"},{"taxonomy":"post_tag","embeddable":true,"href":"https:\/\/lahora.mx\/index.php\/wp-json\/wp\/v2\/tags?post=72757"}],"curies":[{"name":"wp","href":"https:\/\/api.w.org\/{rel}","templated":true}]}}