{"id":72754,"date":"2025-12-09T02:15:16","date_gmt":"2025-12-09T02:15:16","guid":{"rendered":"https:\/\/lahora.mx\/?p=72754"},"modified":"2025-12-09T02:15:17","modified_gmt":"2025-12-09T02:15:17","slug":"sergio-salomon-deja-en-manos-de-norma-layon-la-operacion-de-los-banos-de-ruta","status":"publish","type":"post","link":"https:\/\/lahora.mx\/index.php\/2025\/12\/09\/sergio-salomon-deja-en-manos-de-norma-layon-la-operacion-de-los-banos-de-ruta\/","title":{"rendered":"Sergio Salom\u00f3n deja en manos de Norma Lay\u00f3n la operaci\u00f3n de los ba\u00f1os de RUTA"},"content":{"rendered":"\n<p>El exgobernador y actual titular del Instituto Nacional de Migraci\u00f3n (INM) , Sergio Salom\u00f3n C\u00e9spedes Peregrina , se deslind\u00f3 del problema por la falta de funcionamiento de los ba\u00f1os instalados en las l\u00edneas de RUTA , al afirmar que la obra ya fue entregada y que ahora corresponde a Norma Lay\u00f3n Aar\u00fan , directora de Carreteras de Cuota Puebla , ponerlos en operaci\u00f3n.<\/p>\n\n\n\n<p>\u00bb En el tema de los ba\u00f1os de la Ruta 4, ya se entregaron. Es un tema con mucha claridad: quien est\u00e1 hoy al frente debe hacerlos funcionar \u00ab, declar\u00f3 C\u00e9spedes al ser cuestionado sobre los sanitarios que permanecen sin agua ni energ\u00eda el\u00e9ctrica.<br>El exmandatario evit\u00f3 profundizar en el asunto y rest\u00f3 complejidad a la soluci\u00f3n: \u201c Es muy complejo\u2026 la verdad no me gustar\u00eda opinar en ese tema, pero cualquiera puede hacer un contrato de agua o de luz \u201d, coment\u00f3.<\/p>\n\n\n\n<p>El mal estado y la falta de servicios en los sanitarios de RUTA se han convertido en un reclamo constante de los usuarios , quienes denuncian que las instalaciones permanecen cerradas o inutilizables, afectando a millas de pasajeros que realizan trayectos prolongados a diario.<\/p>\n\n\n\n<p>C\u00e9spedes reiter\u00f3 que la responsabilidad recae ahora en Norma Lay\u00f3n , quien en entrevistas previas reconoci\u00f3 que los ba\u00f1os fueron entregados sin funcionar, con conexiones defectuosas, sin tinacos y con deficiencias estructurales , adem\u00e1s de que no se notific\u00f3 al SOAPAP para gestionar el suministro de agua potable.<\/p>\n\n\n\n<p>Lay\u00f3n adelant\u00f3 que ya se eval\u00faan correctivas para habilitar completamente los sanitarios, lo que incluye la conexi\u00f3n adecuada de las redes hidr\u00e1ulicas y el\u00e9ctricas , as\u00ed como la instalaci\u00f3n de los equipos faltantes. Seg\u00fan dijo, estas medidas forman parte del compromiso de su administraci\u00f3n para mejorar la calidad del servicio en RUTA .<\/p>\n\n\n\n<p>Retraso en el edificio de Finanzas<br>En la misma entrevista, C\u00e9spedes Peregrina fue cuestionado sobre el atraso en la entrega del nuevo edificio de la Secretar\u00eda de Finanzas , obra que deb\u00eda concluir en noviembre de 2025 . El exgobernador evadi\u00f3 asumir responsabilidad y se\u00f1al\u00f3 que el avance depende de los tiempos t\u00e9cnicos de la Secretar\u00eda de Infraestructura .<\/p>\n\n\n\n<p>\u00bb Todo tiene un per\u00edodo propio de construcci\u00f3n. La Secretar\u00eda de Infraestructura es quien revisa los tiempos; ellos tienen muy claro c\u00f3mo est\u00e1n \u00ab, dijo, al tiempo que record\u00f3 que exist\u00eda un acuerdo con el actual gobernador para que el inmueble quedara listo en estas fechas.<\/p>\n\n\n\n<p>Aunque los trabajos presentan avances significativos, a\u00fan faltan adecuaciones en las avenidas de acceso y ajustes en el estacionamiento , por lo que la entrega oficial sigue pendiente.<\/p>\n\n\n\n<p>De esta forma, C\u00e9spedes traslad\u00f3 la responsabilidad de dos temas clave \u2014 los ba\u00f1os de RUTA y el edificio de Finanzas \u2014 a las autoridades actuales, argumentando que su gesti\u00f3n ya concluy\u00f3 y que corresponde a los nuevos funcionarios garantizar el funcionamiento pleno de ambas obras p\u00fablicas.<\/p>\n","protected":false},"excerpt":{"rendered":"<p>El exgobernador y actual titular del Instituto Nacional de Migraci\u00f3n (INM) , Sergio Salom\u00f3n C\u00e9spedes Peregrina , se deslind\u00f3 del problema por la falta de funcionamiento de los ba\u00f1os instalados en las l\u00edneas de RUTA , al afirmar que la obra ya fue entregada y que ahora corresponde a Norma Lay\u00f3n Aar\u00fan , directora de [&hellip;]<\/p>\n","protected":false},"author":1,"featured_media":72755,"comment_status":"open","ping_status":"open","sticky":false,"template":"","format":"standard","meta":{"om_disable_all_campaigns":false,"_monsterinsights_skip_tracking":false,"_monsterinsights_sitenote_active":false,"_monsterinsights_sitenote_note":"","_monsterinsights_sitenote_category":0,"footnotes":""},"categories":[175],"tags":[239,195,223],"class_list":["post-72754","post","type-post","status-publish","format-standard","has-post-thumbnail","hentry","category-local","tag-gobierno","tag-principal","tag-puebla"],"amp_enabled":true,"_links":{"self":[{"href":"https:\/\/lahora.mx\/index.php\/wp-json\/wp\/v2\/posts\/72754","targetHints":{"allow":["GET"]}}],"collection":[{"href":"https:\/\/lahora.mx\/index.php\/wp-json\/wp\/v2\/posts"}],"about":[{"href":"https:\/\/lahora.mx\/index.php\/wp-json\/wp\/v2\/types\/post"}],"author":[{"embeddable":true,"href":"https:\/\/lahora.mx\/index.php\/wp-json\/wp\/v2\/users\/1"}],"replies":[{"embeddable":true,"href":"https:\/\/lahora.mx\/index.php\/wp-json\/wp\/v2\/comments?post=72754"}],"version-history":[{"count":1,"href":"https:\/\/lahora.mx\/index.php\/wp-json\/wp\/v2\/posts\/72754\/revisions"}],"predecessor-version":[{"id":72756,"href":"https:\/\/lahora.mx\/index.php\/wp-json\/wp\/v2\/posts\/72754\/revisions\/72756"}],"wp:featuredmedia":[{"embeddable":true,"href":"https:\/\/lahora.mx\/index.php\/wp-json\/wp\/v2\/media\/72755"}],"wp:attachment":[{"href":"https:\/\/lahora.mx\/index.php\/wp-json\/wp\/v2\/media?parent=72754"}],"wp:term":[{"taxonomy":"category","embeddable":true,"href":"https:\/\/lahora.mx\/index.php\/wp-json\/wp\/v2\/categories?post=72754"},{"taxonomy":"post_tag","embeddable":true,"href":"https:\/\/lahora.mx\/index.php\/wp-json\/wp\/v2\/tags?post=72754"}],"curies":[{"name":"wp","href":"https:\/\/api.w.org\/{rel}","templated":true}]}}