{"id":72748,"date":"2025-12-09T02:12:40","date_gmt":"2025-12-09T02:12:40","guid":{"rendered":"https:\/\/lahora.mx\/?p=72748"},"modified":"2025-12-09T02:12:40","modified_gmt":"2025-12-09T02:12:40","slug":"si-tu-apellido-empieza-con-a-b-o-c-hoy-puedes-registrarte-a-las-pensiones-para-adultos-mayores-y-mujeres-bienestar","status":"publish","type":"post","link":"https:\/\/lahora.mx\/index.php\/2025\/12\/09\/si-tu-apellido-empieza-con-a-b-o-c-hoy-puedes-registrarte-a-las-pensiones-para-adultos-mayores-y-mujeres-bienestar\/","title":{"rendered":"Si tu apellido empieza con A, B o C, hoy puedes registrarte a las Pensiones para Adultos Mayores y Mujeres Bienestar"},"content":{"rendered":"\n<p>Este lunes 8 de diciembre , las personas cuyo primer apellido comienza con las letras A, B o C podr\u00e1n registrarse en los programas Pensiones para Adultos Mayores y Mujeres Bienestar , de acuerdo con el calendario oficial emitido por la Secretar\u00eda del Bienestar .<\/p>\n\n\n\n<p>El proceso de incorporaci\u00f3n a ambos programas sociales comenzar\u00e1 durante toda la semana y se extender\u00e1 hasta el 13 de diciembre , seg\u00fan lo informado por la dependencia federal.<br>Las Pensiones para Adultos Mayores est\u00e1n dirigidas a personas de 65 a\u00f1os o m\u00e1s , mientras que el programa Mujeres Bienestar atiende a mujeres de entre 60 y 64 a\u00f1os . Cada jornada de registro se organiza conforme a la letra inicial del primer apellido , con el objetivo de mantener un flujo ordenado en los M\u00f3dulos del Bienestar .<\/p>\n\n\n\n<p>El calendario de registro se inici\u00f3 de la siguiente forma:<\/p>\n\n\n\n<p>Lunes 1 y 8 de diciembre: letras A, B, C<\/p>\n\n\n\n<p>Martes 2 y 9 de diciembre: letras D, E, F, G, H<\/p>\n\n\n\n<p>Mi\u00e9rcoles 3 y 10 de diciembre: letras I, J, L, M<\/p>\n\n\n\n<p>Jueves 4 y 11 de diciembre: letras N, \u00d1, O, P, Q, R<\/p>\n\n\n\n<p>Viernes 5 y 12 de diciembre: letras S, T, U, V, W, X, Y, Z<\/p>\n\n\n\n<p>S\u00e1bados 6 y 13 de diciembre: todas las letras<\/p>\n\n\n\n<p>La Secretar\u00eda del Bienestar inform\u00f3 que el horario de atenci\u00f3n en los m\u00f3dulos ser\u00e1 de 10:00 a 16:00 horas , de lunes a s\u00e1bado, e invit\u00f3 a las y los interesados \u200b\u200ba consultar la p\u00e1gina oficial gob.mx\/bienestarpara ubicar el centro de registro m\u00e1s cercano.<\/p>\n\n\n\n<p>Para completar el tr\u00e1mite, las personas deber\u00e1n presentar la siguiente documentaci\u00f3n en original y copia :<\/p>\n\n\n\n<p>Identificaci\u00f3n oficial vigente (INE, pasaporte, cartilla, c\u00e9dula profesional, credencial del Inapam o carta de identidad)<\/p>\n\n\n\n<p>CURP impresa recientemente<\/p>\n\n\n\n<p>Acta de nacimiento<\/p>\n\n\n\n<p>Comprobante de domicilio (no mayor a seis meses, puede ser de tel\u00e9fono, luz, gas, agua o predial)<\/p>\n\n\n\n<p>N\u00famero telef\u00f3nico de contacto , fijo o celular<\/p>\n\n\n\n<p>La dependencia reiter\u00f3 su llamado a la ciudadan\u00eda para acudir en la fecha correspondiente y evitar aglomeraciones , a fin de agilizar el proceso de registro y garantizar la atenci\u00f3n a todos los solicitantes.<\/p>\n","protected":false},"excerpt":{"rendered":"<p>Este lunes 8 de diciembre , las personas cuyo primer apellido comienza con las letras A, B o C podr\u00e1n registrarse en los programas Pensiones para Adultos Mayores y Mujeres Bienestar , de acuerdo con el calendario oficial emitido por la Secretar\u00eda del Bienestar . El proceso de incorporaci\u00f3n a ambos programas sociales comenzar\u00e1 durante [&hellip;]<\/p>\n","protected":false},"author":1,"featured_media":72749,"comment_status":"open","ping_status":"open","sticky":false,"template":"","format":"standard","meta":{"om_disable_all_campaigns":false,"_monsterinsights_skip_tracking":false,"_monsterinsights_sitenote_active":false,"_monsterinsights_sitenote_note":"","_monsterinsights_sitenote_category":0,"footnotes":""},"categories":[176],"tags":[195],"class_list":["post-72748","post","type-post","status-publish","format-standard","has-post-thumbnail","hentry","category-nacional","tag-principal"],"amp_enabled":true,"_links":{"self":[{"href":"https:\/\/lahora.mx\/index.php\/wp-json\/wp\/v2\/posts\/72748","targetHints":{"allow":["GET"]}}],"collection":[{"href":"https:\/\/lahora.mx\/index.php\/wp-json\/wp\/v2\/posts"}],"about":[{"href":"https:\/\/lahora.mx\/index.php\/wp-json\/wp\/v2\/types\/post"}],"author":[{"embeddable":true,"href":"https:\/\/lahora.mx\/index.php\/wp-json\/wp\/v2\/users\/1"}],"replies":[{"embeddable":true,"href":"https:\/\/lahora.mx\/index.php\/wp-json\/wp\/v2\/comments?post=72748"}],"version-history":[{"count":1,"href":"https:\/\/lahora.mx\/index.php\/wp-json\/wp\/v2\/posts\/72748\/revisions"}],"predecessor-version":[{"id":72750,"href":"https:\/\/lahora.mx\/index.php\/wp-json\/wp\/v2\/posts\/72748\/revisions\/72750"}],"wp:featuredmedia":[{"embeddable":true,"href":"https:\/\/lahora.mx\/index.php\/wp-json\/wp\/v2\/media\/72749"}],"wp:attachment":[{"href":"https:\/\/lahora.mx\/index.php\/wp-json\/wp\/v2\/media?parent=72748"}],"wp:term":[{"taxonomy":"category","embeddable":true,"href":"https:\/\/lahora.mx\/index.php\/wp-json\/wp\/v2\/categories?post=72748"},{"taxonomy":"post_tag","embeddable":true,"href":"https:\/\/lahora.mx\/index.php\/wp-json\/wp\/v2\/tags?post=72748"}],"curies":[{"name":"wp","href":"https:\/\/api.w.org\/{rel}","templated":true}]}}