{"id":72745,"date":"2025-12-09T02:11:43","date_gmt":"2025-12-09T02:11:43","guid":{"rendered":"https:\/\/lahora.mx\/?p=72745"},"modified":"2025-12-09T02:11:44","modified_gmt":"2025-12-09T02:11:44","slug":"advierten-irregularidades-en-licitacion-federal-de-vales-de-despensa-por-mas-de-10-mil-millones-de-pesos","status":"publish","type":"post","link":"https:\/\/lahora.mx\/index.php\/2025\/12\/09\/advierten-irregularidades-en-licitacion-federal-de-vales-de-despensa-por-mas-de-10-mil-millones-de-pesos\/","title":{"rendered":"Advierten irregularidades en licitaci\u00f3n federal de vales de despensa por m\u00e1s de 10 mil millones de pesos"},"content":{"rendered":"\n<p>La licitaci\u00f3n p\u00fablica nacional electr\u00f3nica LA-06-400-006400001-N-19-2025 , correspondiente al suministro de vales electr\u00f3nicos de despensa para trabajadores federales , enfrenta observaciones t\u00e9cnicas y posibles irregularidades , seg\u00fan documentos consultados por Proceso . El procedimiento, convocado por la Secretar\u00eda de Hacienda y Cr\u00e9dito P\u00fablico (SHCP) , concluye este lunes con la emisi\u00f3n del fallo final , pero ya ha generado dudas entre las empresas participantes por la forma en que se registraron las propuestas econ\u00f3micas.<\/p>\n\n\n\n<p>De acuerdo con la informaci\u00f3n disponible, solo dos compa\u00f1\u00edas presentaron ofertas en el proceso: Servicios Broxel, SAPI de CV , con un descuento del 3.01% , y Toka Internacional , que ofreci\u00f3 una rebaja del 2.84% . Sin embargo, la plataforma Compras MX registr\u00f3 en ceros los campos obligatorios de la propuesta econ\u00f3mica de Broxel, incluidos el precio unitario, la importaci\u00f3n sin impuestos y la importaci\u00f3n total , datos que por normativa deben coincidir con el archivo en formato PDF enviado por la empresa.<br>Este detalle t\u00e9cnico podr\u00eda representar una irregularidad formal , ya que los campos vac\u00edos son causales de descalificaci\u00f3n , y un precedente similar ya se hab\u00eda presentado en un proceso consolidado previo, cuando un licitante fue declarado ganador pese a haber omitido informaci\u00f3n econ\u00f3mica esencial.<\/p>\n\n\n\n<p>El procedimiento de este a\u00f1o introdujo cambios estructurales : la subasta inversa , utilizada durante los \u00faltimos seis a\u00f1os para mejorar ofertas en tiempo real, fue sustituida por un esquema de oferta \u00fanica , que permite a cada participante ingresar solo una propuesta econ\u00f3mica sin posibilidad de modificarla.<\/p>\n\n\n\n<p>Asimismo, la autoridad impuls\u00f3 un descuento inicial obligatorio del 2.75% , que redujo el monto base de 10 mil 337 millones 990 mil pesos a un \u201cPrecio M\u00e1ximo de Referencia\u201d de 10 mil 053 millones 695 mil pesos .<\/p>\n\n\n\n<p>Otro cambio relevante es la reducci\u00f3n del plazo de entrega de las tarjetas electr\u00f3nicas , que pas\u00f3 de 10 d\u00edas h\u00e1biles a cinco d\u00edas naturales . En caso de que Broxel resultara adjudicada , se enfrentar\u00eda al reto de entrega de 800 mil tarjetas en m\u00e1s de 2 mil 100 puntos del pa\u00eds en apenas cinco d\u00edas, lo que representa un desaf\u00edo log\u00edstico de alta complejidad .<\/p>\n\n\n\n<p>Adem\u00e1s, la empresa tendr\u00eda que adelantar recursos por m\u00e1s de 10 mil millones de pesos , lo que podr\u00eda presionar su liquidez debido a que ya sostiene contratos de gran volumen , como los vales de despensa del Gobierno de la Ciudad de M\u00e9xico y otros procesos federales en curso.<\/p>\n\n\n\n<p>El riesgo de retrasos o fallas en la entrega de los vales implicar\u00eda afectaciones directas a cientos de millas de trabajadores federales que esperan sus apoyos de fin de a\u00f1o, adem\u00e1s de impactos operativos en m\u00e1s de 200 dependencias p\u00fablicas .<\/p>\n\n\n\n<p>La SHCP deber\u00e1 resolver si estas observaciones afectan la validez de la propuesta o si se mantiene la adjudicaci\u00f3n , en un proceso que ha sido considerado uno de los m\u00e1s disputados y fiscalizados del sector p\u00fablico en 2025 .<\/p>\n","protected":false},"excerpt":{"rendered":"<p>La licitaci\u00f3n p\u00fablica nacional electr\u00f3nica LA-06-400-006400001-N-19-2025 , correspondiente al suministro de vales electr\u00f3nicos de despensa para trabajadores federales , enfrenta observaciones t\u00e9cnicas y posibles irregularidades , seg\u00fan documentos consultados por Proceso . El procedimiento, convocado por la Secretar\u00eda de Hacienda y Cr\u00e9dito P\u00fablico (SHCP) , concluye este lunes con la emisi\u00f3n del fallo final , [&hellip;]<\/p>\n","protected":false},"author":1,"featured_media":72746,"comment_status":"open","ping_status":"open","sticky":false,"template":"","format":"standard","meta":{"om_disable_all_campaigns":false,"_monsterinsights_skip_tracking":false,"_monsterinsights_sitenote_active":false,"_monsterinsights_sitenote_note":"","_monsterinsights_sitenote_category":0,"footnotes":""},"categories":[176],"tags":[],"class_list":["post-72745","post","type-post","status-publish","format-standard","has-post-thumbnail","hentry","category-nacional"],"amp_enabled":true,"_links":{"self":[{"href":"https:\/\/lahora.mx\/index.php\/wp-json\/wp\/v2\/posts\/72745","targetHints":{"allow":["GET"]}}],"collection":[{"href":"https:\/\/lahora.mx\/index.php\/wp-json\/wp\/v2\/posts"}],"about":[{"href":"https:\/\/lahora.mx\/index.php\/wp-json\/wp\/v2\/types\/post"}],"author":[{"embeddable":true,"href":"https:\/\/lahora.mx\/index.php\/wp-json\/wp\/v2\/users\/1"}],"replies":[{"embeddable":true,"href":"https:\/\/lahora.mx\/index.php\/wp-json\/wp\/v2\/comments?post=72745"}],"version-history":[{"count":1,"href":"https:\/\/lahora.mx\/index.php\/wp-json\/wp\/v2\/posts\/72745\/revisions"}],"predecessor-version":[{"id":72747,"href":"https:\/\/lahora.mx\/index.php\/wp-json\/wp\/v2\/posts\/72745\/revisions\/72747"}],"wp:featuredmedia":[{"embeddable":true,"href":"https:\/\/lahora.mx\/index.php\/wp-json\/wp\/v2\/media\/72746"}],"wp:attachment":[{"href":"https:\/\/lahora.mx\/index.php\/wp-json\/wp\/v2\/media?parent=72745"}],"wp:term":[{"taxonomy":"category","embeddable":true,"href":"https:\/\/lahora.mx\/index.php\/wp-json\/wp\/v2\/categories?post=72745"},{"taxonomy":"post_tag","embeddable":true,"href":"https:\/\/lahora.mx\/index.php\/wp-json\/wp\/v2\/tags?post=72745"}],"curies":[{"name":"wp","href":"https:\/\/api.w.org\/{rel}","templated":true}]}}