{"id":72742,"date":"2025-12-09T02:10:49","date_gmt":"2025-12-09T02:10:49","guid":{"rendered":"https:\/\/lahora.mx\/?p=72742"},"modified":"2025-12-09T02:10:50","modified_gmt":"2025-12-09T02:10:50","slug":"fgr-arresta-a-cesar-duarte-en-chihuahua-lo-acusan-de-operaciones-con-recursos-ilicitos","status":"publish","type":"post","link":"https:\/\/lahora.mx\/index.php\/2025\/12\/09\/fgr-arresta-a-cesar-duarte-en-chihuahua-lo-acusan-de-operaciones-con-recursos-ilicitos\/","title":{"rendered":"FGR arresta a C\u00e9sar Duarte en Chihuahua; lo acusan de operaciones con recursos il\u00edcitos"},"content":{"rendered":"\n<p>La Fiscal\u00eda General de la Rep\u00fablica (FGR) inform\u00f3 la detenci\u00f3n del exgobernador de Chihuahua, C\u00e9sar Duarte J\u00e1quez , por su probable responsabilidad en el delito de operaciones con recursos de procedencia il\u00edcita , derivada de una investigaci\u00f3n federal sobre el uso del sistema financiero mexicano para ocultar dinero desviado de las arcas estatales .<\/p>\n\n\n\n<p>El exmandatario, militante del Partido Revolucionario Institucional (PRI) , fue aprehendido este lunes en Chihuahua , en cumplimiento de una orden de captura emitida el 16 de mayo de 2024 por un juez de control del Centro de Justicia Penal Federal con sede en Almoloya de Ju\u00e1rez, Estado de M\u00e9xico , precis\u00f3 la FGR en un comunicado oficial.<br>Duarte hab\u00eda sido detenido por primera vez el 8 de julio de 2020 en Miami, Florida , y extraditado a M\u00e9xico el 2 de junio de 2022 para enfrentar cargos de peculado y asociaci\u00f3n delictuosa ante la Fiscal\u00eda General del Estado de Chihuahua , proceso que contin\u00faa vigente.<\/p>\n\n\n\n<p>La FGR detall\u00f3 que, el 4 de octubre de 2024 , solicit\u00f3 al Gobierno de Estados Unidos autorizaci\u00f3n para procesar a Duarte por delitos distintos a los que motivaron su extradici\u00f3n , conforme a los tratados internacionales en materia penal. Dicha autorizaci\u00f3n fue concedida el 4 de diciembre de 2025 , permitiendo as\u00ed ampliar las acusaciones en su contra.<\/p>\n\n\n\n<p>Seg\u00fan la investigaci\u00f3n federal, Duarte habr\u00eda participado, durante su gesti\u00f3n como gobernador de Chihuahua, en un esquema de lavado de dinero destinado a ocultar y triangular recursos p\u00fablicos desviados , empleando para ello instrumentos del sistema financiero mexicano y empresas vinculadas a su administraci\u00f3n.<\/p>\n\n\n\n<p>La detenci\u00f3n marca un nuevo cap\u00edtulo en los procesos judiciales que enfrenta el exgobernador, quien ha sido acusado de desviar cientos de millones de pesos durante su administraci\u00f3n (2010\u20132016). La FGR se\u00f1al\u00f3 que continuar\u00e1n con las diligencias correspondientes y la judicializaci\u00f3n del caso ante tribunales federales .<\/p>\n","protected":false},"excerpt":{"rendered":"<p>La Fiscal\u00eda General de la Rep\u00fablica (FGR) inform\u00f3 la detenci\u00f3n del exgobernador de Chihuahua, C\u00e9sar Duarte J\u00e1quez , por su probable responsabilidad en el delito de operaciones con recursos de procedencia il\u00edcita , derivada de una investigaci\u00f3n federal sobre el uso del sistema financiero mexicano para ocultar dinero desviado de las arcas estatales . El [&hellip;]<\/p>\n","protected":false},"author":1,"featured_media":72743,"comment_status":"open","ping_status":"open","sticky":false,"template":"","format":"standard","meta":{"om_disable_all_campaigns":false,"_monsterinsights_skip_tracking":false,"_monsterinsights_sitenote_active":false,"_monsterinsights_sitenote_note":"","_monsterinsights_sitenote_category":0,"footnotes":""},"categories":[176,226],"tags":[],"class_list":["post-72742","post","type-post","status-publish","format-standard","has-post-thumbnail","hentry","category-nacional","category-policia"],"amp_enabled":true,"_links":{"self":[{"href":"https:\/\/lahora.mx\/index.php\/wp-json\/wp\/v2\/posts\/72742","targetHints":{"allow":["GET"]}}],"collection":[{"href":"https:\/\/lahora.mx\/index.php\/wp-json\/wp\/v2\/posts"}],"about":[{"href":"https:\/\/lahora.mx\/index.php\/wp-json\/wp\/v2\/types\/post"}],"author":[{"embeddable":true,"href":"https:\/\/lahora.mx\/index.php\/wp-json\/wp\/v2\/users\/1"}],"replies":[{"embeddable":true,"href":"https:\/\/lahora.mx\/index.php\/wp-json\/wp\/v2\/comments?post=72742"}],"version-history":[{"count":1,"href":"https:\/\/lahora.mx\/index.php\/wp-json\/wp\/v2\/posts\/72742\/revisions"}],"predecessor-version":[{"id":72744,"href":"https:\/\/lahora.mx\/index.php\/wp-json\/wp\/v2\/posts\/72742\/revisions\/72744"}],"wp:featuredmedia":[{"embeddable":true,"href":"https:\/\/lahora.mx\/index.php\/wp-json\/wp\/v2\/media\/72743"}],"wp:attachment":[{"href":"https:\/\/lahora.mx\/index.php\/wp-json\/wp\/v2\/media?parent=72742"}],"wp:term":[{"taxonomy":"category","embeddable":true,"href":"https:\/\/lahora.mx\/index.php\/wp-json\/wp\/v2\/categories?post=72742"},{"taxonomy":"post_tag","embeddable":true,"href":"https:\/\/lahora.mx\/index.php\/wp-json\/wp\/v2\/tags?post=72742"}],"curies":[{"name":"wp","href":"https:\/\/api.w.org\/{rel}","templated":true}]}}