{"id":72730,"date":"2025-12-08T22:37:52","date_gmt":"2025-12-08T22:37:52","guid":{"rendered":"https:\/\/lahora.mx\/?p=72730"},"modified":"2025-12-08T22:37:53","modified_gmt":"2025-12-08T22:37:53","slug":"samuel-aguilar-pala-presentara-denuncia-por-amenazas-contra-antonio-martinez","status":"publish","type":"post","link":"https:\/\/lahora.mx\/index.php\/2025\/12\/08\/samuel-aguilar-pala-presentara-denuncia-por-amenazas-contra-antonio-martinez\/","title":{"rendered":"Samuel Aguilar Pala presentar\u00e1 denuncia por amenazas contra Antonio Mart\u00ednez"},"content":{"rendered":"\n<p>El titular de la Secretar\u00eda de Gobernaci\u00f3n de Puebla, Samuel Aguilar Pala, ha afirmado que presentar\u00e1 una denuncia contra Antonio Mart\u00ednez despu\u00e9s de recibir amenazas.<\/p>\n\n\n\n<p>Samuel Aguilar Pala mencion\u00f3 en una entrevista que sus abogados ya est\u00e1n trabajando en la denuncia y es probable que la terminen este lunes para llevarla a la Fiscal\u00eda General del Estado (FGE).<\/p>\n\n\n\n<p>\u00abEst\u00e1n en ello, creo que la concluir\u00e1n hoy. (\u2026 ) S\u00ed, habr\u00e1 una denuncia por amenazas contra Antonio Mart\u00ednez\u00bb, indic\u00f3.<\/p>\n\n\n\n<p>Se le pregunt\u00f3 si la denuncia era solo contra Antonio Mart\u00ednez o si tambi\u00e9n inclu\u00eda a su hija, la alcaldesa de Quecholac, Guadalupe Mart\u00ednez, a lo que \u00e9l respondi\u00f3 que \u00ablo iba a verificar\u00bb.<\/p>\n\n\n\n<p>Adem\u00e1s, Samuel Aguilar Pala mencion\u00f3 que esta semana se reunir\u00e1 con los alcaldes de la regi\u00f3n, incluida la presidenta municipal de Quecholac, para discutir la gobernanza del \u00e1rea.<\/p>\n\n\n\n<p>El 2 de diciembre, Antonio Mart\u00ednez comparti\u00f3 un video en el que apareci\u00f3 junto a su hija, acusando al secretario Samuel Aguilar Pala de amenazar a su hija para que solucionara las protestas en su territorio.<\/p>\n\n\n\n<p>\u201cTen respeto, cabr\u00f3n. Quiz\u00e1 t\u00fa tambi\u00e9n tengas hijas. Ten respeto, cabr\u00f3n, hoy est\u00e1s en una posici\u00f3n alta. Que no se te olvide\u201d, expres\u00f3 Antonio Mart\u00ednez en el video.<\/p>\n\n\n\n<p>Tras estas afirmaciones dirigidas hacia el secretario de Gobernaci\u00f3n, el funcionario, mediante un comunicado, neg\u00f3 haber amenazado a la alcaldesa, afirmando que hab\u00eda respeto y di\u00e1logo.<\/p>\n\n\n\n<p>Por otro lado, el gobernador Alejandro Armenta conden\u00f3 las afirmaciones y amenazas de Antonio Mart\u00ednez, pidiendo a la Fiscal\u00eda General de la Rep\u00fablica (FGR) que lo investigue y lo detenga, se\u00f1al\u00e1ndolo por su implicaci\u00f3n en delitos como el huachicol y homicidios, e invitando a Samuel Aguilar Pala a presentar su denuncia.<\/p>\n","protected":false},"excerpt":{"rendered":"<p>El titular de la Secretar\u00eda de Gobernaci\u00f3n de Puebla, Samuel Aguilar Pala, ha afirmado que presentar\u00e1 una denuncia contra Antonio Mart\u00ednez despu\u00e9s de recibir amenazas. Samuel Aguilar Pala mencion\u00f3 en una entrevista que sus abogados ya est\u00e1n trabajando en la denuncia y es probable que la terminen este lunes para llevarla a la Fiscal\u00eda General [&hellip;]<\/p>\n","protected":false},"author":1,"featured_media":72731,"comment_status":"open","ping_status":"open","sticky":false,"template":"","format":"standard","meta":{"om_disable_all_campaigns":false,"_monsterinsights_skip_tracking":false,"_monsterinsights_sitenote_active":false,"_monsterinsights_sitenote_note":"","_monsterinsights_sitenote_category":0,"footnotes":""},"categories":[175],"tags":[],"class_list":["post-72730","post","type-post","status-publish","format-standard","has-post-thumbnail","hentry","category-local"],"amp_enabled":true,"_links":{"self":[{"href":"https:\/\/lahora.mx\/index.php\/wp-json\/wp\/v2\/posts\/72730","targetHints":{"allow":["GET"]}}],"collection":[{"href":"https:\/\/lahora.mx\/index.php\/wp-json\/wp\/v2\/posts"}],"about":[{"href":"https:\/\/lahora.mx\/index.php\/wp-json\/wp\/v2\/types\/post"}],"author":[{"embeddable":true,"href":"https:\/\/lahora.mx\/index.php\/wp-json\/wp\/v2\/users\/1"}],"replies":[{"embeddable":true,"href":"https:\/\/lahora.mx\/index.php\/wp-json\/wp\/v2\/comments?post=72730"}],"version-history":[{"count":1,"href":"https:\/\/lahora.mx\/index.php\/wp-json\/wp\/v2\/posts\/72730\/revisions"}],"predecessor-version":[{"id":72732,"href":"https:\/\/lahora.mx\/index.php\/wp-json\/wp\/v2\/posts\/72730\/revisions\/72732"}],"wp:featuredmedia":[{"embeddable":true,"href":"https:\/\/lahora.mx\/index.php\/wp-json\/wp\/v2\/media\/72731"}],"wp:attachment":[{"href":"https:\/\/lahora.mx\/index.php\/wp-json\/wp\/v2\/media?parent=72730"}],"wp:term":[{"taxonomy":"category","embeddable":true,"href":"https:\/\/lahora.mx\/index.php\/wp-json\/wp\/v2\/categories?post=72730"},{"taxonomy":"post_tag","embeddable":true,"href":"https:\/\/lahora.mx\/index.php\/wp-json\/wp\/v2\/tags?post=72730"}],"curies":[{"name":"wp","href":"https:\/\/api.w.org\/{rel}","templated":true}]}}