{"id":72727,"date":"2025-12-08T22:16:39","date_gmt":"2025-12-08T22:16:39","guid":{"rendered":"https:\/\/lahora.mx\/?p=72727"},"modified":"2025-12-08T22:16:40","modified_gmt":"2025-12-08T22:16:40","slug":"continua-el-operativo-proteccion-radar-en-la-ciudad-de-puebla","status":"publish","type":"post","link":"https:\/\/lahora.mx\/index.php\/2025\/12\/08\/continua-el-operativo-proteccion-radar-en-la-ciudad-de-puebla\/","title":{"rendered":"Contin\u00faa el operativo \u201cProtecci\u00f3n Radar\u00bb en la ciudad de Puebla"},"content":{"rendered":"\n<p>Con el fin de mejorar la seguridad y el monitoreo en \u00e1reas comerciales, restaurantes, bancos, hoteles y lugares concurridos, el Gobierno Municipal liderado por Pepe Chedraui Budib, a trav\u00e9s de la Secretar\u00eda de Seguridad Ciudadana (SSC), sigue ejecutando el programa \u00abProtecci\u00f3n Radar\u00bb.<\/p>\n\n\n\n<p>Este fin de semana, las acciones, que incluyen la participaci\u00f3n de grupos especiales de la SSC, llevaron a cabo dos operaciones en el norte y sur de la ciudad. Se inspeccionaron 78 negocios, donde se estableci\u00f3 contacto con los responsables de estos lugares y se garantiz\u00f3 la seguridad de los clientes.<\/p>\n\n\n\n<p>Durante los recorridos, se distribuyeron lonas, se asisti\u00f3 en la instalaci\u00f3n de la aplicaci\u00f3n \u201cSeguridad Inmediata\u201d de la SSC y se promovi\u00f3 el uso de la L\u00ednea Directa para la Polic\u00eda de la Ciudad, al n\u00famero 222 303 8520, para facilitar las solicitudes de ayuda.<\/p>\n\n\n\n<p>Entre los comercios que se visitaron estaban restaurantes, bares, tiendas, as\u00ed como la zona bancaria en Plaza Loreto, Parque Puebla, V\u00eda Amalucan, Sanborns Centro, Gasolinera Clavijero, Paseo de San Francisco, Coppel Margaritas, Plaza Dorada, La Noria, Zavaleta y Aurrer\u00e1 Xilotzingo, entre otros.<\/p>\n\n\n\n<p>Adem\u00e1s, el equipo de la Direcci\u00f3n General de Emergencia y Respuesta Inmediata (DGERI) brind\u00f3 informaci\u00f3n sobre las herramientas tecnol\u00f3gicas que la SSC tiene para prevenir situaciones de emergencia y responder r\u00e1pidamente a las solicitudes de apoyo de la ciudadan\u00eda. Tambi\u00e9n se extendi\u00f3 la invitaci\u00f3n a conectar sus c\u00e1maras al centro de monitoreo de la corporaci\u00f3n.<\/p>\n\n\n\n<p>El Gobierno de la Ciudad, junto con la SSC, lleva a cabo acciones continuas en colaboraci\u00f3n con los tres niveles de Gobierno, con el objetivo de crear entornos de paz, seguridad y tranquilidad para todos los habitantes de la capital.<\/p>\n","protected":false},"excerpt":{"rendered":"<p>Con el fin de mejorar la seguridad y el monitoreo en \u00e1reas comerciales, restaurantes, bancos, hoteles y lugares concurridos, el Gobierno Municipal liderado por Pepe Chedraui Budib, a trav\u00e9s de la Secretar\u00eda de Seguridad Ciudadana (SSC), sigue ejecutando el programa \u00abProtecci\u00f3n Radar\u00bb. Este fin de semana, las acciones, que incluyen la participaci\u00f3n de grupos especiales [&hellip;]<\/p>\n","protected":false},"author":1,"featured_media":72728,"comment_status":"open","ping_status":"open","sticky":false,"template":"","format":"standard","meta":{"om_disable_all_campaigns":false,"_monsterinsights_skip_tracking":false,"_monsterinsights_sitenote_active":false,"_monsterinsights_sitenote_note":"","_monsterinsights_sitenote_category":0,"footnotes":""},"categories":[226],"tags":[223],"class_list":["post-72727","post","type-post","status-publish","format-standard","has-post-thumbnail","hentry","category-policia","tag-puebla"],"amp_enabled":true,"_links":{"self":[{"href":"https:\/\/lahora.mx\/index.php\/wp-json\/wp\/v2\/posts\/72727","targetHints":{"allow":["GET"]}}],"collection":[{"href":"https:\/\/lahora.mx\/index.php\/wp-json\/wp\/v2\/posts"}],"about":[{"href":"https:\/\/lahora.mx\/index.php\/wp-json\/wp\/v2\/types\/post"}],"author":[{"embeddable":true,"href":"https:\/\/lahora.mx\/index.php\/wp-json\/wp\/v2\/users\/1"}],"replies":[{"embeddable":true,"href":"https:\/\/lahora.mx\/index.php\/wp-json\/wp\/v2\/comments?post=72727"}],"version-history":[{"count":1,"href":"https:\/\/lahora.mx\/index.php\/wp-json\/wp\/v2\/posts\/72727\/revisions"}],"predecessor-version":[{"id":72729,"href":"https:\/\/lahora.mx\/index.php\/wp-json\/wp\/v2\/posts\/72727\/revisions\/72729"}],"wp:featuredmedia":[{"embeddable":true,"href":"https:\/\/lahora.mx\/index.php\/wp-json\/wp\/v2\/media\/72728"}],"wp:attachment":[{"href":"https:\/\/lahora.mx\/index.php\/wp-json\/wp\/v2\/media?parent=72727"}],"wp:term":[{"taxonomy":"category","embeddable":true,"href":"https:\/\/lahora.mx\/index.php\/wp-json\/wp\/v2\/categories?post=72727"},{"taxonomy":"post_tag","embeddable":true,"href":"https:\/\/lahora.mx\/index.php\/wp-json\/wp\/v2\/tags?post=72727"}],"curies":[{"name":"wp","href":"https:\/\/api.w.org\/{rel}","templated":true}]}}