{"id":72721,"date":"2025-12-08T22:07:32","date_gmt":"2025-12-08T22:07:32","guid":{"rendered":"https:\/\/lahora.mx\/?p=72721"},"modified":"2025-12-08T22:07:33","modified_gmt":"2025-12-08T22:07:33","slug":"claudia-hernandez-es-la-nueva-responsable-de-la-comunicacion-del-estado","status":"publish","type":"post","link":"https:\/\/lahora.mx\/index.php\/2025\/12\/08\/claudia-hernandez-es-la-nueva-responsable-de-la-comunicacion-del-estado\/","title":{"rendered":"Claudia Hern\u00e1ndez es la nueva responsable de la Comunicaci\u00f3n del estado"},"content":{"rendered":"\n<p>Este lunes, el gobernador de Puebla, Alejandro Armenta formaliz\u00f3 el nombramiento de Claudia Hern\u00e1ndez Medina como titular de la Coordinaci\u00f3n General de Comunicaci\u00f3n y Agenda Digital del Gobierno de Puebla (CGCAD).<\/p>\n\n\n\n<p>Claudia Hern\u00e1ndez es originaria de Puebla y estudi\u00f3 la licenciatura en Periodismo y Comunicaci\u00f3n Colectiva en la Universidad Madero. Inici\u00f3 su carrera por los medios de comunicaci\u00f3n de Puebla como reportera y luego directoria de noticias en Grupo ZoMa (ahora Ultra Media Com).<\/p>\n\n\n\n<p>Su carrera en los medios de comunicaci\u00f3n fue a la par de su carrera pol\u00edtica, debido a que en el trienio 2005-2008, fue diputada en el Congreso Local de Puebla, a trav\u00e9s del Partido Revolucionario Institucional.<\/p>\n\n\n\n<p>Aunque en las elecciones federales fue la candidata del PRI en ese momento que obtuvo mayor votaci\u00f3n en la entidad poblana, no logr\u00f3 obtener una curul en San L\u00e1zaro.<\/p>\n\n\n\n<p>Hern\u00e1ndez Medina fue Secretaria General del PRI en Puebla y l\u00edder del tricolor en la capital poblana.<\/p>\n\n\n\n<p>En la administraci\u00f3n p\u00fablica, fue el de directora del Instituto Poblano de la Mujer durante la gubernatura de Melquiades Morales Flores. Y, despu\u00e9s ocup\u00f3 la subdirecci\u00f3n del DIF estatal de Puebla.<br><br>Tras la derrota del tricolor en la entidad poblana, Claudia Hern\u00e1ndez se coloc\u00f3 en el gobierno federal como coordinadora interinstitucional del RENAPO (Registro Nacional de Poblaci\u00f3n), bajo la dependencia de la Secretar\u00eda de Gobernaci\u00f3n, espacio en el que coincidi\u00f3 laboralmente con el ahora gobernador de Puebla, Alejandro Armenta.<\/p>\n\n\n\n<p>Tras el triunfo de Alejando Armenta, a quien acompa\u00f1\u00f3 desde la campa\u00f1a a la gubernatura, fue nombrada titular de la Coordinaci\u00f3n de Imagen y Relaciones P\u00fablica y este d\u00eda, asumi\u00f3 formalmente la titularidad de la Coordinaci\u00f3n General de Comunicaci\u00f3n y Agenda Digital del Gobierno de Puebla (CGCAD).<\/p>\n\n\n\n<p>A trav\u00e9s de redes sociales, el Ejecutivo destac\u00f3 que su nombramiento es para reforzar la estrategia de comunicaci\u00f3n del gobierno estatal, con un enfoque de \u201ccomunicaci\u00f3n honesta, humanista y comprometida con la ciudadan\u00eda\u201d.<\/p>\n","protected":false},"excerpt":{"rendered":"<p>Este lunes, el gobernador de Puebla, Alejandro Armenta formaliz\u00f3 el nombramiento de Claudia Hern\u00e1ndez Medina como titular de la Coordinaci\u00f3n General de Comunicaci\u00f3n y Agenda Digital del Gobierno de Puebla (CGCAD). Claudia Hern\u00e1ndez es originaria de Puebla y estudi\u00f3 la licenciatura en Periodismo y Comunicaci\u00f3n Colectiva en la Universidad Madero. Inici\u00f3 su carrera por los [&hellip;]<\/p>\n","protected":false},"author":1,"featured_media":72722,"comment_status":"open","ping_status":"open","sticky":false,"template":"","format":"standard","meta":{"om_disable_all_campaigns":false,"_monsterinsights_skip_tracking":false,"_monsterinsights_sitenote_active":false,"_monsterinsights_sitenote_note":"","_monsterinsights_sitenote_category":0,"footnotes":""},"categories":[175],"tags":[239,223],"class_list":["post-72721","post","type-post","status-publish","format-standard","has-post-thumbnail","hentry","category-local","tag-gobierno","tag-puebla"],"amp_enabled":true,"_links":{"self":[{"href":"https:\/\/lahora.mx\/index.php\/wp-json\/wp\/v2\/posts\/72721","targetHints":{"allow":["GET"]}}],"collection":[{"href":"https:\/\/lahora.mx\/index.php\/wp-json\/wp\/v2\/posts"}],"about":[{"href":"https:\/\/lahora.mx\/index.php\/wp-json\/wp\/v2\/types\/post"}],"author":[{"embeddable":true,"href":"https:\/\/lahora.mx\/index.php\/wp-json\/wp\/v2\/users\/1"}],"replies":[{"embeddable":true,"href":"https:\/\/lahora.mx\/index.php\/wp-json\/wp\/v2\/comments?post=72721"}],"version-history":[{"count":1,"href":"https:\/\/lahora.mx\/index.php\/wp-json\/wp\/v2\/posts\/72721\/revisions"}],"predecessor-version":[{"id":72723,"href":"https:\/\/lahora.mx\/index.php\/wp-json\/wp\/v2\/posts\/72721\/revisions\/72723"}],"wp:featuredmedia":[{"embeddable":true,"href":"https:\/\/lahora.mx\/index.php\/wp-json\/wp\/v2\/media\/72722"}],"wp:attachment":[{"href":"https:\/\/lahora.mx\/index.php\/wp-json\/wp\/v2\/media?parent=72721"}],"wp:term":[{"taxonomy":"category","embeddable":true,"href":"https:\/\/lahora.mx\/index.php\/wp-json\/wp\/v2\/categories?post=72721"},{"taxonomy":"post_tag","embeddable":true,"href":"https:\/\/lahora.mx\/index.php\/wp-json\/wp\/v2\/tags?post=72721"}],"curies":[{"name":"wp","href":"https:\/\/api.w.org\/{rel}","templated":true}]}}