{"id":72718,"date":"2025-12-08T22:02:42","date_gmt":"2025-12-08T22:02:42","guid":{"rendered":"https:\/\/lahora.mx\/?p=72718"},"modified":"2025-12-08T22:02:44","modified_gmt":"2025-12-08T22:02:44","slug":"desfile-de-reyes-magos-esta-es-la-fecha-y-ruta-en-calles-de-puebla","status":"publish","type":"post","link":"https:\/\/lahora.mx\/index.php\/2025\/12\/08\/desfile-de-reyes-magos-esta-es-la-fecha-y-ruta-en-calles-de-puebla\/","title":{"rendered":"Desfile de Reyes Magos: esta es la fecha y ruta en calles de Puebla"},"content":{"rendered":"\n<p>El pr\u00f3ximo s\u00e1bado 3 de enero a las 18 horas se desarrollar\u00e1 el tradicional desfile de los Reyes Magos en la Ciudad de Puebla, con la participaci\u00f3n de 100 mil personas y una asistencia superior de 57 mil ni\u00f1os en compa\u00f1\u00eda de sus padres.<\/p>\n\n\n\n<p>La marcha de los Reyes Magos de la ilusi\u00f3n, Melchor, Gaspar y Baltazar, comenzar\u00e1 en la Avenida Ju\u00e1rez y la 25 Sur, llegar\u00e1 al z\u00f3calo y terminar\u00e1 en la 6 Norte.<\/p>\n\n\n\n<p>Participar\u00e1n 10 carros aleg\u00f3ricos para la delicia de ni\u00f1as y ni\u00f1os, que ser\u00e1n parte de esos 57 mil asistentes.<\/p>\n\n\n\n<p>El director del DIF Municipal, Jes\u00fas Alejandro Cort\u00e9s Carrasco, indic\u00f3 que el desfile contar\u00e1 con bandas de m\u00fasica de la ciudad de Puebla y de San Pedro Cholula, Amozoc e Iz\u00facar de Matamoros.<\/p>\n\n\n\n<p>Al final del espect\u00e1culo, 100 drones formar\u00e1n la imagen de Los Reyes Magos en las alturas.<\/p>\n\n\n\n<p>Se evitar\u00e1n congestionamientos viales, con la presencia de 85 elementos de seguridad vial y 25 patrullas en la Avenida Ju\u00e1rez hasta el z\u00f3calo, indic\u00f3 el director general de Control de Tr\u00e1nsito, Sim\u00f3n Cano.<\/p>\n","protected":false},"excerpt":{"rendered":"<p>El pr\u00f3ximo s\u00e1bado 3 de enero a las 18 horas se desarrollar\u00e1 el tradicional desfile de los Reyes Magos en la Ciudad de Puebla, con la participaci\u00f3n de 100 mil personas y una asistencia superior de 57 mil ni\u00f1os en compa\u00f1\u00eda de sus padres. La marcha de los Reyes Magos de la ilusi\u00f3n, Melchor, Gaspar [&hellip;]<\/p>\n","protected":false},"author":1,"featured_media":72719,"comment_status":"open","ping_status":"open","sticky":false,"template":"","format":"standard","meta":{"om_disable_all_campaigns":false,"_monsterinsights_skip_tracking":false,"_monsterinsights_sitenote_active":false,"_monsterinsights_sitenote_note":"","_monsterinsights_sitenote_category":0,"footnotes":""},"categories":[3,175],"tags":[223],"class_list":["post-72718","post","type-post","status-publish","format-standard","has-post-thumbnail","hentry","category-entretenimiento","category-local","tag-puebla"],"amp_enabled":true,"_links":{"self":[{"href":"https:\/\/lahora.mx\/index.php\/wp-json\/wp\/v2\/posts\/72718","targetHints":{"allow":["GET"]}}],"collection":[{"href":"https:\/\/lahora.mx\/index.php\/wp-json\/wp\/v2\/posts"}],"about":[{"href":"https:\/\/lahora.mx\/index.php\/wp-json\/wp\/v2\/types\/post"}],"author":[{"embeddable":true,"href":"https:\/\/lahora.mx\/index.php\/wp-json\/wp\/v2\/users\/1"}],"replies":[{"embeddable":true,"href":"https:\/\/lahora.mx\/index.php\/wp-json\/wp\/v2\/comments?post=72718"}],"version-history":[{"count":1,"href":"https:\/\/lahora.mx\/index.php\/wp-json\/wp\/v2\/posts\/72718\/revisions"}],"predecessor-version":[{"id":72720,"href":"https:\/\/lahora.mx\/index.php\/wp-json\/wp\/v2\/posts\/72718\/revisions\/72720"}],"wp:featuredmedia":[{"embeddable":true,"href":"https:\/\/lahora.mx\/index.php\/wp-json\/wp\/v2\/media\/72719"}],"wp:attachment":[{"href":"https:\/\/lahora.mx\/index.php\/wp-json\/wp\/v2\/media?parent=72718"}],"wp:term":[{"taxonomy":"category","embeddable":true,"href":"https:\/\/lahora.mx\/index.php\/wp-json\/wp\/v2\/categories?post=72718"},{"taxonomy":"post_tag","embeddable":true,"href":"https:\/\/lahora.mx\/index.php\/wp-json\/wp\/v2\/tags?post=72718"}],"curies":[{"name":"wp","href":"https:\/\/api.w.org\/{rel}","templated":true}]}}