{"id":72715,"date":"2025-12-08T21:58:47","date_gmt":"2025-12-08T21:58:47","guid":{"rendered":"https:\/\/lahora.mx\/?p=72715"},"modified":"2025-12-08T21:58:48","modified_gmt":"2025-12-08T21:58:48","slug":"realizan-en-el-congreso-del-estado-el-foro-puebla-sin-trata","status":"publish","type":"post","link":"https:\/\/lahora.mx\/index.php\/2025\/12\/08\/realizan-en-el-congreso-del-estado-el-foro-puebla-sin-trata\/","title":{"rendered":"Realizan en el Congreso del Estado el Foro Puebla Sin Trata"},"content":{"rendered":"\n<p>El Congreso del Estado, a trav\u00e9s de la Comisi\u00f3n de Igualdad de G\u00e9nero que preside la diputada Xel Arianna Hern\u00e1ndez Garc\u00eda, llev\u00f3 a cabo el Foro Puebla Sin Trata, con el objetivo de visibilizar la problem\u00e1tica que persiste en la entidad respecto a este delito con fines de explotaci\u00f3n sexual o laboral.<\/p>\n\n\n\n<p>Durante la inauguraci\u00f3n del evento, el diputado P\u00e1vel Gaspar Ram\u00edrez, presidente de la Junta de Gobierno y Coordinaci\u00f3n Pol\u00edtica, reafirm\u00f3 el compromiso de la LXII Legislatura para avanzar en la armonizaci\u00f3n de las leyes locales con la legislaci\u00f3n federal, a fin de contribuir en la erradicaci\u00f3n de la trata de personas.<\/p>\n\n\n\n<p>\u201cUn problema que debe ser legislado con empat\u00eda, sensibilidad y amor por la sociedad, sobre todo trat\u00e1ndose de este tema tan doloroso y delicado\u201d, enfatiz\u00f3.<\/p>\n\n\n\n<p>Por su parte, la diputada Xel Arianna Hern\u00e1ndez Garc\u00eda, presidenta de la Comisi\u00f3n de Igualdad de G\u00e9nero, se\u00f1al\u00f3 que la trata de personas no es \u00fanicamente un asunto de seguridad, sino un problema transversal que involucra derechos humanos, econom\u00eda, psicolog\u00eda y din\u00e1mica social.<\/p>\n\n\n\n<p>\u201cDe ah\u00ed la importancia de estos foros para crear leyes basadas en el conocimiento y en las aportaciones de expertos en la materia\u201d.<\/p>\n\n\n\n<p>Como parte del ejercicio se desarrollaron mesas de di\u00e1logo sobre compromisos Legislativos y pol\u00edticas p\u00fablicas, sistema proxeneta, respuesta institucional y judicializaci\u00f3n.<\/p>\n\n\n\n<p>El evento cont\u00f3 con la presencia y participaci\u00f3n del diputado federal, Reginaldo Sandoval Flores; M\u00f3nica Lara Ch\u00e1vez, directora para la Atenci\u00f3n, Defensa y Promoci\u00f3n de los Derechos Humanos de la Secretar\u00eda de Gobernaci\u00f3n; M\u00f3nica Silva Ruiz, s\u00edndica municipal; as\u00ed como especialistas y personas expertas en el tema.<\/p>\n","protected":false},"excerpt":{"rendered":"<p>El Congreso del Estado, a trav\u00e9s de la Comisi\u00f3n de Igualdad de G\u00e9nero que preside la diputada Xel Arianna Hern\u00e1ndez Garc\u00eda, llev\u00f3 a cabo el Foro Puebla Sin Trata, con el objetivo de visibilizar la problem\u00e1tica que persiste en la entidad respecto a este delito con fines de explotaci\u00f3n sexual o laboral. Durante la inauguraci\u00f3n [&hellip;]<\/p>\n","protected":false},"author":1,"featured_media":72716,"comment_status":"open","ping_status":"open","sticky":false,"template":"","format":"standard","meta":{"om_disable_all_campaigns":false,"_monsterinsights_skip_tracking":false,"_monsterinsights_sitenote_active":false,"_monsterinsights_sitenote_note":"","_monsterinsights_sitenote_category":0,"footnotes":""},"categories":[175],"tags":[227,223],"class_list":["post-72715","post","type-post","status-publish","format-standard","has-post-thumbnail","hentry","category-local","tag-congreso","tag-puebla"],"amp_enabled":true,"_links":{"self":[{"href":"https:\/\/lahora.mx\/index.php\/wp-json\/wp\/v2\/posts\/72715","targetHints":{"allow":["GET"]}}],"collection":[{"href":"https:\/\/lahora.mx\/index.php\/wp-json\/wp\/v2\/posts"}],"about":[{"href":"https:\/\/lahora.mx\/index.php\/wp-json\/wp\/v2\/types\/post"}],"author":[{"embeddable":true,"href":"https:\/\/lahora.mx\/index.php\/wp-json\/wp\/v2\/users\/1"}],"replies":[{"embeddable":true,"href":"https:\/\/lahora.mx\/index.php\/wp-json\/wp\/v2\/comments?post=72715"}],"version-history":[{"count":1,"href":"https:\/\/lahora.mx\/index.php\/wp-json\/wp\/v2\/posts\/72715\/revisions"}],"predecessor-version":[{"id":72717,"href":"https:\/\/lahora.mx\/index.php\/wp-json\/wp\/v2\/posts\/72715\/revisions\/72717"}],"wp:featuredmedia":[{"embeddable":true,"href":"https:\/\/lahora.mx\/index.php\/wp-json\/wp\/v2\/media\/72716"}],"wp:attachment":[{"href":"https:\/\/lahora.mx\/index.php\/wp-json\/wp\/v2\/media?parent=72715"}],"wp:term":[{"taxonomy":"category","embeddable":true,"href":"https:\/\/lahora.mx\/index.php\/wp-json\/wp\/v2\/categories?post=72715"},{"taxonomy":"post_tag","embeddable":true,"href":"https:\/\/lahora.mx\/index.php\/wp-json\/wp\/v2\/tags?post=72715"}],"curies":[{"name":"wp","href":"https:\/\/api.w.org\/{rel}","templated":true}]}}