{"id":72705,"date":"2025-12-03T19:51:23","date_gmt":"2025-12-03T19:51:23","guid":{"rendered":"https:\/\/lahora.mx\/?p=72705"},"modified":"2025-12-08T19:52:17","modified_gmt":"2025-12-08T19:52:17","slug":"clausura-del-mercado-de-las-flores-en-huejotzingo-alcalde-roberto-solis-denuncia-irregularidades-y-uso-de-suelo-modificado-sin-autorizacion","status":"publish","type":"post","link":"https:\/\/lahora.mx\/index.php\/2025\/12\/03\/clausura-del-mercado-de-las-flores-en-huejotzingo-alcalde-roberto-solis-denuncia-irregularidades-y-uso-de-suelo-modificado-sin-autorizacion\/","title":{"rendered":"Clausura del Mercado de las Flores en Huejotzingo: alcalde Roberto Sol\u00eds denuncia irregularidades y uso de suelo modificado sin autorizaci\u00f3n"},"content":{"rendered":"\n<p>El Ayuntamiento de Huejotzingo confirm\u00f3 la clausura del \u201cMercado de las Flores Iztacc\u00edhuatl\u201d tras detectar m\u00faltiples irregularidades administrativas, ambientales y operativas. El alcalde Roberto Sol\u00eds Valles asegur\u00f3 que la medida se aplic\u00f3 conforme a la ley y acus\u00f3 a los l\u00edderes del mercado de incumplir acuerdos oficiales, manipular informaci\u00f3n y operar en un predio sin permisos v\u00e1lidos.<\/p>\n\n\n\n<p>Detectan cambio irregular de uso de suelo<br>Sol\u00eds Valles revel\u00f3 que regidores y regidoras de la administraci\u00f3n municipal anterior, encabezada por la hoy diputada Ang\u00e9lica Alvarado, habr\u00edan modificado el uso de suelo del predio donde se instal\u00f3 el mercado, pasando de agr\u00edcola a industrial sin la autorizaci\u00f3n de la Secretar\u00eda de Medio Ambiente municipal. Al solicitar los documentos correspondientes, la dependencia confirm\u00f3 que el tr\u00e1mite nunca fue realizado.<\/p>\n\n\n\n<p>Adem\u00e1s, el Ayuntamiento identific\u00f3 que los comerciantes utilizan predios fuera del pol\u00edgono permitido, donde mantienen bodegas y una capilla, lo cual constituye otra violaci\u00f3n a la normativa municipal.<\/p>\n\n\n\n<p>Incumplen acuerdo de regularizaci\u00f3n por 4 millones de pesos<br>El alcalde inform\u00f3 que los l\u00edderes del Mercado de las Flores acordaron regularizar su operaci\u00f3n y cubrir un pago de 4 millones de pesos, cifra que habr\u00eda sido reducida mediante condonaciones de multas. Dicho convenio fue firmado ante la Secretar\u00eda de Gobernaci\u00f3n, sin embargo, los representantes no cumplieron los plazos establecidos para cubrir las contribuciones.<\/p>\n\n\n\n<p>\u201cLos l\u00edderes est\u00e1n difundiendo informaci\u00f3n falsa para hacer creer que pagaron por fuera. Eso es completamente falso\u201d, afirm\u00f3 Sol\u00eds Valles.<\/p>\n\n\n\n<p>Ruptura de sellos y cobros ilegales a productores<br>El presidente municipal denunci\u00f3 que los l\u00edderes del mercado rompieron los sellos de clausura para ingresar al predio y realizar de manera ilegal su segundo aniversario. Tambi\u00e9n se\u00f1al\u00f3 que estos mismos l\u00edderes vendieron espacios de venta a productores por montos de entre 60 mil y 100 mil pesos, adem\u00e1s de cobrar cuotas por cada jornada de comercializaci\u00f3n.<\/p>\n\n\n\n<p>Seg\u00fan el Ayuntamiento, estas pr\u00e1cticas fueron toleradas por la administraci\u00f3n pasada, que permiti\u00f3 la inauguraci\u00f3n del mercado sin que existieran permisos de uso de suelo ni autorizaciones ambientales.<\/p>\n\n\n\n<p>Sol\u00eds Valles: no habr\u00e1 retrocesos ni presiones<br>El alcalde insisti\u00f3 en que no ceder\u00e1 ante \u201cchantajes ni provocaciones\u201d y reiter\u00f3 que el cierre del mercado se mantendr\u00e1 hasta que los responsables cumplan con la normatividad y regularicen su situaci\u00f3n.<\/p>\n\n\n\n<p>\u201cLas reglas son claras. No se permitir\u00e1 operar en predios irregulares ni bajo condiciones que violen la ley\u201d, enfatiz\u00f3.<\/p>\n","protected":false},"excerpt":{"rendered":"<p>El Ayuntamiento de Huejotzingo confirm\u00f3 la clausura del \u201cMercado de las Flores Iztacc\u00edhuatl\u201d tras detectar m\u00faltiples irregularidades administrativas, ambientales y operativas. El alcalde Roberto Sol\u00eds Valles asegur\u00f3 que la medida se aplic\u00f3 conforme a la ley y acus\u00f3 a los l\u00edderes del mercado de incumplir acuerdos oficiales, manipular informaci\u00f3n y operar en un predio sin [&hellip;]<\/p>\n","protected":false},"author":1,"featured_media":72706,"comment_status":"open","ping_status":"open","sticky":false,"template":"","format":"standard","meta":{"om_disable_all_campaigns":false,"_monsterinsights_skip_tracking":false,"_monsterinsights_sitenote_active":false,"_monsterinsights_sitenote_note":"","_monsterinsights_sitenote_category":0,"footnotes":""},"categories":[175],"tags":[266],"class_list":["post-72705","post","type-post","status-publish","format-standard","has-post-thumbnail","hentry","category-local","tag-huejotzingo"],"amp_enabled":true,"_links":{"self":[{"href":"https:\/\/lahora.mx\/index.php\/wp-json\/wp\/v2\/posts\/72705","targetHints":{"allow":["GET"]}}],"collection":[{"href":"https:\/\/lahora.mx\/index.php\/wp-json\/wp\/v2\/posts"}],"about":[{"href":"https:\/\/lahora.mx\/index.php\/wp-json\/wp\/v2\/types\/post"}],"author":[{"embeddable":true,"href":"https:\/\/lahora.mx\/index.php\/wp-json\/wp\/v2\/users\/1"}],"replies":[{"embeddable":true,"href":"https:\/\/lahora.mx\/index.php\/wp-json\/wp\/v2\/comments?post=72705"}],"version-history":[{"count":1,"href":"https:\/\/lahora.mx\/index.php\/wp-json\/wp\/v2\/posts\/72705\/revisions"}],"predecessor-version":[{"id":72707,"href":"https:\/\/lahora.mx\/index.php\/wp-json\/wp\/v2\/posts\/72705\/revisions\/72707"}],"wp:featuredmedia":[{"embeddable":true,"href":"https:\/\/lahora.mx\/index.php\/wp-json\/wp\/v2\/media\/72706"}],"wp:attachment":[{"href":"https:\/\/lahora.mx\/index.php\/wp-json\/wp\/v2\/media?parent=72705"}],"wp:term":[{"taxonomy":"category","embeddable":true,"href":"https:\/\/lahora.mx\/index.php\/wp-json\/wp\/v2\/categories?post=72705"},{"taxonomy":"post_tag","embeddable":true,"href":"https:\/\/lahora.mx\/index.php\/wp-json\/wp\/v2\/tags?post=72705"}],"curies":[{"name":"wp","href":"https:\/\/api.w.org\/{rel}","templated":true}]}}