{"id":72702,"date":"2025-12-08T19:50:38","date_gmt":"2025-12-08T19:50:38","guid":{"rendered":"https:\/\/lahora.mx\/?p=72702"},"modified":"2025-12-08T19:50:39","modified_gmt":"2025-12-08T19:50:39","slug":"lupita-cuautle-entrega-nuevo-equipamiento-a-policia-y-proteccion-civil-de-san-andres-cholula","status":"publish","type":"post","link":"https:\/\/lahora.mx\/index.php\/2025\/12\/08\/lupita-cuautle-entrega-nuevo-equipamiento-a-policia-y-proteccion-civil-de-san-andres-cholula\/","title":{"rendered":"Lupita Cuautle entrega nuevo equipamiento a Polic\u00eda y Protecci\u00f3n Civil de San Andr\u00e9s Cholula"},"content":{"rendered":"\n<p>Con el objetivo de dotar a los cuerpos de seguridad y emergencias de las herramientas necesarias para desempe\u00f1ar su labor con eficiencia y profesionalismo, la presidenta municipal, Lupita Cuautle Torres, entreg\u00f3 269 kits de uniformes a la Secretar\u00eda de Seguridad P\u00fablica y Protecci\u00f3n Ciudadana (SSPPC), as\u00ed como nuevo equipo para la Direcci\u00f3n de Protecci\u00f3n Civil.<\/p>\n\n\n\n<p>Durante la entrega, la edil subray\u00f3 que los uniformes consolidan la identidad operativa, fortalecen la cercan\u00eda con la ciudadan\u00eda y representan disciplina, honor y la responsabilidad de actuar con firmeza ante cualquier situaci\u00f3n que ponga en riesgo la tranquilidad del municipio.<\/p>\n\n\n\n<p>Los paquetes destinados al personal de Seguridad P\u00fablica y Vialidad incluyen tres camisolas, dos playeras interiores, tres pantalones, una chamarra, calzado, tocado y un chaleco t\u00e1ctico.<\/p>\n\n\n\n<p>Adem\u00e1s, se otorg\u00f3 equipo de entrenamiento y accesorios especializados para la atenci\u00f3n de emergencias al personal de Protecci\u00f3n Civil.<\/p>\n\n\n\n<p>Con estas acciones, el Gobierno Municipal impulsa el desempe\u00f1o t\u00e1ctico y operativo de sus cuerpos de auxilio, priorizando la seguridad, prevenci\u00f3n y protecci\u00f3n de todas las familias sanandrese\u00f1as.<\/p>\n","protected":false},"excerpt":{"rendered":"<p>Con el objetivo de dotar a los cuerpos de seguridad y emergencias de las herramientas necesarias para desempe\u00f1ar su labor con eficiencia y profesionalismo, la presidenta municipal, Lupita Cuautle Torres, entreg\u00f3 269 kits de uniformes a la Secretar\u00eda de Seguridad P\u00fablica y Protecci\u00f3n Ciudadana (SSPPC), as\u00ed como nuevo equipo para la Direcci\u00f3n de Protecci\u00f3n Civil. [&hellip;]<\/p>\n","protected":false},"author":1,"featured_media":72703,"comment_status":"open","ping_status":"open","sticky":false,"template":"","format":"standard","meta":{"om_disable_all_campaigns":false,"_monsterinsights_skip_tracking":false,"_monsterinsights_sitenote_active":false,"_monsterinsights_sitenote_note":"","_monsterinsights_sitenote_category":0,"footnotes":""},"categories":[175],"tags":[234,223],"class_list":["post-72702","post","type-post","status-publish","format-standard","has-post-thumbnail","hentry","category-local","tag-cholula","tag-puebla"],"amp_enabled":true,"_links":{"self":[{"href":"https:\/\/lahora.mx\/index.php\/wp-json\/wp\/v2\/posts\/72702","targetHints":{"allow":["GET"]}}],"collection":[{"href":"https:\/\/lahora.mx\/index.php\/wp-json\/wp\/v2\/posts"}],"about":[{"href":"https:\/\/lahora.mx\/index.php\/wp-json\/wp\/v2\/types\/post"}],"author":[{"embeddable":true,"href":"https:\/\/lahora.mx\/index.php\/wp-json\/wp\/v2\/users\/1"}],"replies":[{"embeddable":true,"href":"https:\/\/lahora.mx\/index.php\/wp-json\/wp\/v2\/comments?post=72702"}],"version-history":[{"count":1,"href":"https:\/\/lahora.mx\/index.php\/wp-json\/wp\/v2\/posts\/72702\/revisions"}],"predecessor-version":[{"id":72704,"href":"https:\/\/lahora.mx\/index.php\/wp-json\/wp\/v2\/posts\/72702\/revisions\/72704"}],"wp:featuredmedia":[{"embeddable":true,"href":"https:\/\/lahora.mx\/index.php\/wp-json\/wp\/v2\/media\/72703"}],"wp:attachment":[{"href":"https:\/\/lahora.mx\/index.php\/wp-json\/wp\/v2\/media?parent=72702"}],"wp:term":[{"taxonomy":"category","embeddable":true,"href":"https:\/\/lahora.mx\/index.php\/wp-json\/wp\/v2\/categories?post=72702"},{"taxonomy":"post_tag","embeddable":true,"href":"https:\/\/lahora.mx\/index.php\/wp-json\/wp\/v2\/tags?post=72702"}],"curies":[{"name":"wp","href":"https:\/\/api.w.org\/{rel}","templated":true}]}}