{"id":72699,"date":"2025-12-08T19:11:07","date_gmt":"2025-12-08T19:11:07","guid":{"rendered":"https:\/\/lahora.mx\/?p=72699"},"modified":"2025-12-08T19:11:08","modified_gmt":"2025-12-08T19:11:08","slug":"72699","status":"publish","type":"post","link":"https:\/\/lahora.mx\/index.php\/2025\/12\/08\/72699\/","title":{"rendered":""},"content":{"rendered":"\n<p>Esta ma\u00f1ana, el gobernador\u00a0<strong>Alejandro Armenta\u00a0<\/strong>tom\u00f3 protesta a\u00a0<strong>Claudia Hern\u00e1ndez Medina\u00a0<\/strong>como nueva titular de la\u00a0<strong>Coordinaci\u00f3n de Comunicaci\u00f3n Social<\/strong>\u00a0del Gobierno del Estado, con lo que se oficializa su llegada en sustituci\u00f3n de\u00a0<strong><a href=\"https:\/\/www.diariocambio.com.mx\/2025\/puebla\/cronica-de-un-relevo-anunciado-tome-no-llega-al-primer-ano-y-claudia-hernandez-desembarca-en-comunicacion-social\/\">Jos\u00e9 Tom\u00e9 Cabrera<\/a><\/strong><\/p>\n\n\n\n<p>A trav\u00e9s de las redes institucionales, el gobierno estatal confirm\u00f3 el movimiento a cinco d\u00edas de que Armenta rinda su primer informe de labores. En el mensaje difundido se subray\u00f3 la trayectoria de Hern\u00e1ndez Medina como\u00a0<strong>periodista<\/strong>\u00a0y\u00a0<strong>comunicadora<\/strong>, tanto en medios de comunicaci\u00f3n como en el servicio p\u00fablico, destacando su\u00a0<strong>perfil t\u00e9cnico<\/strong>\u00a0y su\u00a0<strong>enfoque humanista<\/strong>.<\/p>\n\n\n\n<p>La designaci\u00f3n de Hern\u00e1ndez Medina forma parte de los&nbsp;<strong>ajustes estrat\u00e9gicos<\/strong>&nbsp;realizados recientemente dentro del equipo del mandatario, orientados a&nbsp;<strong>fortalecer la narrativa institucional<\/strong>&nbsp;y&nbsp;<strong>afinar el v\u00ednculo con los medios<\/strong>. Desde esta posici\u00f3n, ser\u00e1 la encargada de dirigir la difusi\u00f3n de las acciones gubernamentales, consolidar la relaci\u00f3n con periodistas y construir una&nbsp;<strong>comunicaci\u00f3n p\u00fablica m\u00e1s cohesionada y profesional<\/strong>.<\/p>\n\n\n\n<p>Como parte de este reacomodo,&nbsp;<strong>Jos\u00e9 Tom\u00e9 Cabrera<\/strong>&nbsp;quedar\u00e1 al frente de las tareas de&nbsp;<strong>relaciones<\/strong>&nbsp;<strong>p\u00fablicas<\/strong>&nbsp;y&nbsp;<strong>organizaci\u00f3n de eventos<\/strong>, roles que buscar\u00e1n complementar la nueva estructura de comunicaci\u00f3n del gobierno estatal.<\/p>\n","protected":false},"excerpt":{"rendered":"<p>Esta ma\u00f1ana, el gobernador\u00a0Alejandro Armenta\u00a0tom\u00f3 protesta a\u00a0Claudia Hern\u00e1ndez Medina\u00a0como nueva titular de la\u00a0Coordinaci\u00f3n de Comunicaci\u00f3n Social\u00a0del Gobierno del Estado, con lo que se oficializa su llegada en sustituci\u00f3n de\u00a0Jos\u00e9 Tom\u00e9 Cabrera A trav\u00e9s de las redes institucionales, el gobierno estatal confirm\u00f3 el movimiento a cinco d\u00edas de que Armenta rinda su primer informe de labores. [&hellip;]<\/p>\n","protected":false},"author":1,"featured_media":72700,"comment_status":"open","ping_status":"open","sticky":false,"template":"","format":"standard","meta":{"om_disable_all_campaigns":false,"_monsterinsights_skip_tracking":false,"_monsterinsights_sitenote_active":false,"_monsterinsights_sitenote_note":"","_monsterinsights_sitenote_category":0,"footnotes":""},"categories":[5],"tags":[195],"class_list":["post-72699","post","type-post","status-publish","format-standard","has-post-thumbnail","hentry","category-politica","tag-principal"],"amp_enabled":true,"_links":{"self":[{"href":"https:\/\/lahora.mx\/index.php\/wp-json\/wp\/v2\/posts\/72699","targetHints":{"allow":["GET"]}}],"collection":[{"href":"https:\/\/lahora.mx\/index.php\/wp-json\/wp\/v2\/posts"}],"about":[{"href":"https:\/\/lahora.mx\/index.php\/wp-json\/wp\/v2\/types\/post"}],"author":[{"embeddable":true,"href":"https:\/\/lahora.mx\/index.php\/wp-json\/wp\/v2\/users\/1"}],"replies":[{"embeddable":true,"href":"https:\/\/lahora.mx\/index.php\/wp-json\/wp\/v2\/comments?post=72699"}],"version-history":[{"count":1,"href":"https:\/\/lahora.mx\/index.php\/wp-json\/wp\/v2\/posts\/72699\/revisions"}],"predecessor-version":[{"id":72701,"href":"https:\/\/lahora.mx\/index.php\/wp-json\/wp\/v2\/posts\/72699\/revisions\/72701"}],"wp:featuredmedia":[{"embeddable":true,"href":"https:\/\/lahora.mx\/index.php\/wp-json\/wp\/v2\/media\/72700"}],"wp:attachment":[{"href":"https:\/\/lahora.mx\/index.php\/wp-json\/wp\/v2\/media?parent=72699"}],"wp:term":[{"taxonomy":"category","embeddable":true,"href":"https:\/\/lahora.mx\/index.php\/wp-json\/wp\/v2\/categories?post=72699"},{"taxonomy":"post_tag","embeddable":true,"href":"https:\/\/lahora.mx\/index.php\/wp-json\/wp\/v2\/tags?post=72699"}],"curies":[{"name":"wp","href":"https:\/\/api.w.org\/{rel}","templated":true}]}}