{"id":72691,"date":"2025-12-08T18:23:24","date_gmt":"2025-12-08T18:23:24","guid":{"rendered":"https:\/\/lahora.mx\/?p=72691"},"modified":"2025-12-08T18:23:27","modified_gmt":"2025-12-08T18:23:27","slug":"fgr-debe-explicar-por-que-clasifico-como-terrorismo-el-ataque-en-coahuayana-claudia-sheinbaum","status":"publish","type":"post","link":"https:\/\/lahora.mx\/index.php\/2025\/12\/08\/fgr-debe-explicar-por-que-clasifico-como-terrorismo-el-ataque-en-coahuayana-claudia-sheinbaum\/","title":{"rendered":"FGR debe explicar por qu\u00e9 clasific\u00f3 como \u00abterrorismo\u00bb el ataque en Coahuayana: Claudia Sheinbaum"},"content":{"rendered":"\n<p>La Fiscal\u00eda General de la Rep\u00fablica (FGR) debe explicar por qu\u00e9 de inicio clasific\u00f3 como \u201cterrorismo\u201d el ataque con un auto bomba en Coahuayana, Michoac\u00e1n, dijo la presidenta Claudia Sheinbaum.&nbsp;<\/p>\n\n\n\n<p>\u201cFue la fiscal\u00eda, tiene que explicar la fiscal\u00eda tambi\u00e9n\u201d, se\u00f1al\u00f3 la mandataria en respuesta a interrogante en la ma\u00f1anera sobre el hecho que la FGR reclasific\u00f3 el delito. &nbsp;<\/p>\n\n\n\n<p>Y es que, el s\u00e1bado \u2014d\u00eda que ocurri\u00f3 el hecho que dej\u00f3 seis personas muertas\u2014, la nueva fiscal general, Ernestina Godoy, inform\u00f3 que se investigar\u00eda el ataque como \u201cacto de terrorismo\u201d. Sin embargo, ayer, la dependencia reclasific\u00f3 al apuntar que se indagar\u00e1 como \u201cdelincuencia organizada\u201d.&nbsp;<\/p>\n\n\n\n<p>La presidenta Sheinbaum consider\u00f3 que ma\u00f1ana, que estar\u00e1 el gabinete de seguridad en la conferencia presidencial, podr\u00e1 aclararse el punto<\/p>\n\n\n\n<p>\u201cMa\u00f1ana pueden explicarlo, explicar c\u00f3mo se clasifica un delito de terrorismo en M\u00e9xico o delincuencia organizada. Y tambi\u00e9n saber exactamente qu\u00e9 pas\u00f3\u201d, apunt\u00f3.&nbsp;<\/p>\n\n\n\n<p>Indic\u00f3 que como parte de las investigaciones \u201cse est\u00e1n revisando c\u00e1maras y lo que normalmente se hace con los servicios periciales, y espero que ya ma\u00f1ana pueda haber m\u00e1s informaci\u00f3n para que todo mundo la conozca\u201d.&nbsp;<\/p>\n\n\n\n<p>A\u00f1adi\u00f3 que la correcta tipificaci\u00f3n del delito depende de conocer con precisi\u00f3n la causa, el modo en que ocurri\u00f3 la explosi\u00f3n y qui\u00e9nes fueron los responsables. &nbsp;<\/p>\n\n\n\n<p>\u00abA partir de la investigaci\u00f3n tambi\u00e9n catalogar el delito y que todo mundo sepamos exactamente qu\u00e9 pas\u00f3\u2026 La fiscal\u00eda tiene que hacer su parte en la investigaci\u00f3n\u201d<\/p>\n","protected":false},"excerpt":{"rendered":"<p>La Fiscal\u00eda General de la Rep\u00fablica (FGR) debe explicar por qu\u00e9 de inicio clasific\u00f3 como \u201cterrorismo\u201d el ataque con un auto bomba en Coahuayana, Michoac\u00e1n, dijo la presidenta Claudia Sheinbaum.&nbsp; \u201cFue la fiscal\u00eda, tiene que explicar la fiscal\u00eda tambi\u00e9n\u201d, se\u00f1al\u00f3 la mandataria en respuesta a interrogante en la ma\u00f1anera sobre el hecho que la FGR [&hellip;]<\/p>\n","protected":false},"author":1,"featured_media":72692,"comment_status":"open","ping_status":"open","sticky":false,"template":"","format":"standard","meta":{"om_disable_all_campaigns":false,"_monsterinsights_skip_tracking":false,"_monsterinsights_sitenote_active":false,"_monsterinsights_sitenote_note":"","_monsterinsights_sitenote_category":0,"footnotes":""},"categories":[176],"tags":[285,282],"class_list":["post-72691","post","type-post","status-publish","format-standard","has-post-thumbnail","hentry","category-nacional","tag-michoacan","tag-seguridad"],"amp_enabled":true,"_links":{"self":[{"href":"https:\/\/lahora.mx\/index.php\/wp-json\/wp\/v2\/posts\/72691","targetHints":{"allow":["GET"]}}],"collection":[{"href":"https:\/\/lahora.mx\/index.php\/wp-json\/wp\/v2\/posts"}],"about":[{"href":"https:\/\/lahora.mx\/index.php\/wp-json\/wp\/v2\/types\/post"}],"author":[{"embeddable":true,"href":"https:\/\/lahora.mx\/index.php\/wp-json\/wp\/v2\/users\/1"}],"replies":[{"embeddable":true,"href":"https:\/\/lahora.mx\/index.php\/wp-json\/wp\/v2\/comments?post=72691"}],"version-history":[{"count":1,"href":"https:\/\/lahora.mx\/index.php\/wp-json\/wp\/v2\/posts\/72691\/revisions"}],"predecessor-version":[{"id":72693,"href":"https:\/\/lahora.mx\/index.php\/wp-json\/wp\/v2\/posts\/72691\/revisions\/72693"}],"wp:featuredmedia":[{"embeddable":true,"href":"https:\/\/lahora.mx\/index.php\/wp-json\/wp\/v2\/media\/72692"}],"wp:attachment":[{"href":"https:\/\/lahora.mx\/index.php\/wp-json\/wp\/v2\/media?parent=72691"}],"wp:term":[{"taxonomy":"category","embeddable":true,"href":"https:\/\/lahora.mx\/index.php\/wp-json\/wp\/v2\/categories?post=72691"},{"taxonomy":"post_tag","embeddable":true,"href":"https:\/\/lahora.mx\/index.php\/wp-json\/wp\/v2\/tags?post=72691"}],"curies":[{"name":"wp","href":"https:\/\/api.w.org\/{rel}","templated":true}]}}