{"id":72690,"date":"2025-12-08T18:31:43","date_gmt":"2025-12-08T18:31:43","guid":{"rendered":"https:\/\/lahora.mx\/?p=72690"},"modified":"2025-12-08T18:31:43","modified_gmt":"2025-12-08T18:31:43","slug":"mundial-2026-puebla-busca-que-corea-adopte-al-estadio-cuauhtemoc-como-sede-de-entrenamiento","status":"publish","type":"post","link":"https:\/\/lahora.mx\/index.php\/2025\/12\/08\/mundial-2026-puebla-busca-que-corea-adopte-al-estadio-cuauhtemoc-como-sede-de-entrenamiento\/","title":{"rendered":"Mundial 2026: Puebla busca que Corea adopte al Estadio Cuauht\u00e9moc como sede de entrenamiento"},"content":{"rendered":"\n<p>En representaci\u00f3n del gobierno del estado de Puebla, una comitiva poblana asisti\u00f3 al sorteo que defini\u00f3 los grupos del Mundial de Futbol 2026, con el prop\u00f3sito de promover a la entidad como sede de entrenamientos y campamentos previos a los encuentros mundialistas.<\/p>\n\n\n\n<p>La administraci\u00f3n estatal impulsa una estrategia para posicionar a Puebla como destino ideal para las delegaciones internacionales, gracias a su infraestructura deportiva, la capacidad hotelera y de servicios, as\u00ed como a su cercan\u00eda con la Ciudad de M\u00e9xico, que ofrece una ventaja log\u00edstica para los equipos participantes.<\/p>\n\n\n\n<p>Durante este encuentro internacional, la representaci\u00f3n poblana destac\u00f3 la renovaci\u00f3n del Estadio Cuauht\u00e9moc, actualmente en proceso de modernizaci\u00f3n para cumplir con los est\u00e1ndares de la FIFA. Entre las intervenciones previstas se incluyen la sustituci\u00f3n del c\u00e9sped, la optimizaci\u00f3n del sistema de drenaje, la nivelaci\u00f3n del terreno de juego y la adecuaci\u00f3n de \u00e1reas de apoyo para deportistas y equipos t\u00e9cnicos.<\/p>\n\n\n\n<p>La comitiva, integrada por la secretaria de Desarrollo Tur\u00edstico, Carla L\u00f3pez-Malo; el subsecretario de Deporte y Juventud, Francisco Bonilla; y el representante de la Universidad del Deporte, Isidro S\u00e1nchez, present\u00f3 este proyecto que busca consolidar al Estadio Cuauht\u00e9moc \u2014con experiencia mundialista en 1970 y 1986\u2014 como un recinto id\u00f3neo para que alguna selecci\u00f3n internacional lo utilice como sede de preparaci\u00f3n en 2026.<\/p>\n\n\n\n<p>Durante la visita, la representaci\u00f3n poblana sostuvo encuentros con entrenadores y autoridades deportivas internacionales, entre ellos el entrenador de Espa\u00f1a, Luis de la Fuente; el de Uzbekist\u00e1n, Fabio Cannavaro; el de Colombia, N\u00e9stor Lorenzo; el de Sud\u00e1frica, Hugo Broos; el presidente de la Federaci\u00f3n Uruguaya de Futbol, Ignacio Alonso Labat; el director ejecutivo de la oficina de la FIFA en M\u00e9xico, J\u00fcrgen Mainka; el presidente de la Federaci\u00f3n Mexicana de Futbol, Mikel Arriola Pe\u00f1aloza; y el director de Selecciones Nacionales de M\u00e9xico, Duilio Davino.<\/p>\n\n\n\n<p>Como parte de la agenda, la comitiva se reuni\u00f3 con el embajador de M\u00e9xico en los Estados Unidos de Am\u00e9rica, Esteban Moctezuma, con el fin de fortalecer la colaboraci\u00f3n institucional rumbo a la justa mundialista. Adem\u00e1s, se confirm\u00f3 una reuni\u00f3n con la delegaci\u00f3n de Corea, programada para el 9 de diciembre, a fin de presentar las capacidades del estado como sede alterna. La representaci\u00f3n poblana tambi\u00e9n estableci\u00f3 acercamientos con aerol\u00edneas para reforzar la conectividad a\u00e9rea, en coordinaci\u00f3n con la Secretar\u00eda de Desarrollo Econ\u00f3mico y Trabajo.<\/p>\n\n\n\n<p>La secretaria de Desarrollo Tur\u00edstico del gobierno estatal, Carla L\u00f3pez-Malo destac\u00f3 que Puebla ofrece condiciones de seguridad, infraestructura adecuada y capacidad log\u00edstica para recibir a equipos internacionales, adem\u00e1s de mantener una coordinaci\u00f3n permanente con la Secretar\u00eda de Turismo Federal para consolidar esta estrategia.<\/p>\n\n\n\n<p>El gobierno del estado reafirma su compromiso de colocar a Puebla en el escenario internacional rumbo al Mundial de Futbol 2026, mediante acciones que fortalecen su desarrollo tur\u00edstico y su presencia global.<\/p>\n","protected":false},"excerpt":{"rendered":"<p>En representaci\u00f3n del gobierno del estado de Puebla, una comitiva poblana asisti\u00f3 al sorteo que defini\u00f3 los grupos del Mundial de Futbol 2026, con el prop\u00f3sito de promover a la entidad como sede de entrenamientos y campamentos previos a los encuentros mundialistas. La administraci\u00f3n estatal impulsa una estrategia para posicionar a Puebla como destino ideal [&hellip;]<\/p>\n","protected":false},"author":1,"featured_media":72695,"comment_status":"open","ping_status":"open","sticky":false,"template":"","format":"standard","meta":{"om_disable_all_campaigns":false,"_monsterinsights_skip_tracking":false,"_monsterinsights_sitenote_active":false,"_monsterinsights_sitenote_note":"","_monsterinsights_sitenote_category":0,"footnotes":""},"categories":[6],"tags":[223],"class_list":["post-72690","post","type-post","status-publish","format-standard","has-post-thumbnail","hentry","category-sports","tag-puebla"],"amp_enabled":true,"_links":{"self":[{"href":"https:\/\/lahora.mx\/index.php\/wp-json\/wp\/v2\/posts\/72690","targetHints":{"allow":["GET"]}}],"collection":[{"href":"https:\/\/lahora.mx\/index.php\/wp-json\/wp\/v2\/posts"}],"about":[{"href":"https:\/\/lahora.mx\/index.php\/wp-json\/wp\/v2\/types\/post"}],"author":[{"embeddable":true,"href":"https:\/\/lahora.mx\/index.php\/wp-json\/wp\/v2\/users\/1"}],"replies":[{"embeddable":true,"href":"https:\/\/lahora.mx\/index.php\/wp-json\/wp\/v2\/comments?post=72690"}],"version-history":[{"count":1,"href":"https:\/\/lahora.mx\/index.php\/wp-json\/wp\/v2\/posts\/72690\/revisions"}],"predecessor-version":[{"id":72696,"href":"https:\/\/lahora.mx\/index.php\/wp-json\/wp\/v2\/posts\/72690\/revisions\/72696"}],"wp:featuredmedia":[{"embeddable":true,"href":"https:\/\/lahora.mx\/index.php\/wp-json\/wp\/v2\/media\/72695"}],"wp:attachment":[{"href":"https:\/\/lahora.mx\/index.php\/wp-json\/wp\/v2\/media?parent=72690"}],"wp:term":[{"taxonomy":"category","embeddable":true,"href":"https:\/\/lahora.mx\/index.php\/wp-json\/wp\/v2\/categories?post=72690"},{"taxonomy":"post_tag","embeddable":true,"href":"https:\/\/lahora.mx\/index.php\/wp-json\/wp\/v2\/tags?post=72690"}],"curies":[{"name":"wp","href":"https:\/\/api.w.org\/{rel}","templated":true}]}}