{"id":7269,"date":"2022-05-22T19:31:40","date_gmt":"2022-05-22T19:31:40","guid":{"rendered":"http:\/\/lahora.mx\/?p=7269"},"modified":"2022-05-22T19:31:40","modified_gmt":"2022-05-22T19:31:40","slug":"sedena-fabricaria-armas-para-policias-estatales","status":"publish","type":"post","link":"https:\/\/lahora.mx\/index.php\/2022\/05\/22\/sedena-fabricaria-armas-para-policias-estatales\/","title":{"rendered":"Sedena fabricar\u00eda armas para Polic\u00edas Estatales"},"content":{"rendered":"\n<p>El titular de la&nbsp;<strong>Sedena, el general Luis Cresencio Sandoval Gonz\u00e1lez<\/strong>, dijo que se analiza vender armas y municiones fabricadas en&nbsp;<strong>Oriental, Puebla<\/strong>, para las Polic\u00edas Estatales del pa\u00eds y as\u00ed no tener que comprarlas a empresas de<strong>&nbsp;Estados Unidos.<\/strong><\/p>\n\n\n\n<p>El s\u00e1bado en conferencia matutina en&nbsp;<strong>Sonora<\/strong>, indic\u00f3 que se busca tener un mayor control en las armas que se encuentran el pa\u00eds.<\/p>\n\n\n\n<p>Por lo anterior, dijo que ser\u00eda la misma Sedena la que har\u00eda las armas en su fabrica ubicada en Oriental, misma que a\u00fan&nbsp;<strong>no ha sido concluida<\/strong>.<\/p>\n\n\n\n<p>Sin embargo, dijo que una vez que&nbsp;<strong>est\u00e9 terminado todo el proyecto<\/strong>&nbsp;de la industria militar se podr\u00e1 analizar la posibilidad de fabricar armamento&nbsp;<strong>para las Polic\u00edas Estatales<\/strong>.<\/p>\n\n\n\n<p>Hasta el momento, la&nbsp;<strong>Sedena<\/strong>&nbsp;\u00fanicamente produce armas para uso exclusivo del Ej\u00e9rcito.<\/p>\n\n\n\n<p>Se debe recordar que el presidente&nbsp;<strong>Andr\u00e9s Manuel L\u00f3pez Obrador<\/strong>&nbsp;demand\u00f3 a empresas que fabrican armas en Estados Unidos, al acusar que venden armamento al crimen organizado y a pesar de saberlo no hacen nada al respecto.<\/p>\n","protected":false},"excerpt":{"rendered":"<p>El titular de la&nbsp;Sedena, el general Luis Cresencio Sandoval Gonz\u00e1lez, dijo que se analiza vender armas y municiones fabricadas en&nbsp;Oriental, Puebla, para las Polic\u00edas Estatales del pa\u00eds y as\u00ed no tener que comprarlas a empresas de&nbsp;Estados Unidos. El s\u00e1bado en conferencia matutina en&nbsp;Sonora, indic\u00f3 que se busca tener un mayor control en las armas que [&hellip;]<\/p>\n","protected":false},"author":4,"featured_media":7270,"comment_status":"open","ping_status":"open","sticky":false,"template":"","format":"standard","meta":{"om_disable_all_campaigns":false,"_monsterinsights_skip_tracking":false,"_monsterinsights_sitenote_active":false,"_monsterinsights_sitenote_note":"","_monsterinsights_sitenote_category":0,"footnotes":""},"categories":[176],"tags":[195,223],"class_list":["post-7269","post","type-post","status-publish","format-standard","has-post-thumbnail","hentry","category-nacional","tag-principal","tag-puebla"],"amp_enabled":true,"_links":{"self":[{"href":"https:\/\/lahora.mx\/index.php\/wp-json\/wp\/v2\/posts\/7269","targetHints":{"allow":["GET"]}}],"collection":[{"href":"https:\/\/lahora.mx\/index.php\/wp-json\/wp\/v2\/posts"}],"about":[{"href":"https:\/\/lahora.mx\/index.php\/wp-json\/wp\/v2\/types\/post"}],"author":[{"embeddable":true,"href":"https:\/\/lahora.mx\/index.php\/wp-json\/wp\/v2\/users\/4"}],"replies":[{"embeddable":true,"href":"https:\/\/lahora.mx\/index.php\/wp-json\/wp\/v2\/comments?post=7269"}],"version-history":[{"count":1,"href":"https:\/\/lahora.mx\/index.php\/wp-json\/wp\/v2\/posts\/7269\/revisions"}],"predecessor-version":[{"id":7271,"href":"https:\/\/lahora.mx\/index.php\/wp-json\/wp\/v2\/posts\/7269\/revisions\/7271"}],"wp:featuredmedia":[{"embeddable":true,"href":"https:\/\/lahora.mx\/index.php\/wp-json\/wp\/v2\/media\/7270"}],"wp:attachment":[{"href":"https:\/\/lahora.mx\/index.php\/wp-json\/wp\/v2\/media?parent=7269"}],"wp:term":[{"taxonomy":"category","embeddable":true,"href":"https:\/\/lahora.mx\/index.php\/wp-json\/wp\/v2\/categories?post=7269"},{"taxonomy":"post_tag","embeddable":true,"href":"https:\/\/lahora.mx\/index.php\/wp-json\/wp\/v2\/tags?post=7269"}],"curies":[{"name":"wp","href":"https:\/\/api.w.org\/{rel}","templated":true}]}}