{"id":72681,"date":"2025-12-08T16:19:30","date_gmt":"2025-12-08T16:19:30","guid":{"rendered":"https:\/\/lahora.mx\/?p=72681"},"modified":"2025-12-08T16:19:31","modified_gmt":"2025-12-08T16:19:31","slug":"orgullo-mexicano-guillermo-del-toro-es-nominado-en-los-globos-de-oro-por-frankenstein","status":"publish","type":"post","link":"https:\/\/lahora.mx\/index.php\/2025\/12\/08\/orgullo-mexicano-guillermo-del-toro-es-nominado-en-los-globos-de-oro-por-frankenstein\/","title":{"rendered":"\u00a1Orgullo mexicano! Guillermo del Toro es nominado en los Globos de Oro por &#8216;Frankenstein&#8217;"},"content":{"rendered":"\n<p>Guillermo del Toro vuelve a poner el nombre de M\u00e9xico en lo m\u00e1s alto. Su esperada adaptaci\u00f3n&nbsp;Frankenstein ha sido reconocida con m\u00faltiples nominaciones en los Globos de Oro 2026, consolidando al director como uno de los grandes talentos del s\u00e9ptimo arte.<\/p>\n\n\n\n<p>El filme, una reinterpretaci\u00f3n \u00fanica del cl\u00e1sico de Mary Shelley, ha sido destacado tanto por su impactante narrativa como por su impactante dise\u00f1o visual. <\/p>\n\n\n\n<p>\u00bfCu\u00e1ntas nominaciones recibi\u00f3 Frankenstein de Guillermo del Toro?<br>Entre las nominaciones que Frankenstein ha recibido destacan Mejor Pel\u00edcula Dram\u00e1tica y&nbsp;Mejor Director para Guillermo del Toro. La prensa extranjera&nbsp;ha elogiado la combinaci\u00f3n de la maestr\u00eda t\u00e9cnica de Del Toro con su particular sensibilidad art\u00edstica, que logra transformar un relato conocido en una experiencia cinematogr\u00e1fica moderna y conmovedora.<\/p>\n\n\n\n<p>Las nominaciones son:<br>Mejor Actor de Reparto &#8211; Jacob Elordi<br>Mejor Banda Sonora Original<br>Mejor Director &#8211; Guillermo del Toro<br>Mejor Actor en pel\u00edcula de drama: Oscar Isaac<br>Mejor Pel\u00edcula de Drama &#8211; Frankenstein\u00a0<\/p>\n\n\n\n<p><br>Del Toro, conocido por sus trabajos en El laberinto del fauno y La forma del agua, se ha caracterizado por llevar historias fant\u00e1sticas con un profundo trasfondo humano, y Frankenstein no es la excepci\u00f3n.\u00a0<br><\/p>\n\n\n\n<p><\/p>\n","protected":false},"excerpt":{"rendered":"<p>Guillermo del Toro vuelve a poner el nombre de M\u00e9xico en lo m\u00e1s alto. Su esperada adaptaci\u00f3n&nbsp;Frankenstein ha sido reconocida con m\u00faltiples nominaciones en los Globos de Oro 2026, consolidando al director como uno de los grandes talentos del s\u00e9ptimo arte. El filme, una reinterpretaci\u00f3n \u00fanica del cl\u00e1sico de Mary Shelley, ha sido destacado tanto [&hellip;]<\/p>\n","protected":false},"author":1,"featured_media":72682,"comment_status":"open","ping_status":"open","sticky":false,"template":"","format":"standard","meta":{"om_disable_all_campaigns":false,"_monsterinsights_skip_tracking":false,"_monsterinsights_sitenote_active":false,"_monsterinsights_sitenote_note":"","_monsterinsights_sitenote_category":0,"footnotes":""},"categories":[3,183],"tags":[284,283],"class_list":["post-72681","post","type-post","status-publish","format-standard","has-post-thumbnail","hentry","category-entretenimiento","category-internacional","tag-cine","tag-espectaculos"],"amp_enabled":true,"_links":{"self":[{"href":"https:\/\/lahora.mx\/index.php\/wp-json\/wp\/v2\/posts\/72681","targetHints":{"allow":["GET"]}}],"collection":[{"href":"https:\/\/lahora.mx\/index.php\/wp-json\/wp\/v2\/posts"}],"about":[{"href":"https:\/\/lahora.mx\/index.php\/wp-json\/wp\/v2\/types\/post"}],"author":[{"embeddable":true,"href":"https:\/\/lahora.mx\/index.php\/wp-json\/wp\/v2\/users\/1"}],"replies":[{"embeddable":true,"href":"https:\/\/lahora.mx\/index.php\/wp-json\/wp\/v2\/comments?post=72681"}],"version-history":[{"count":1,"href":"https:\/\/lahora.mx\/index.php\/wp-json\/wp\/v2\/posts\/72681\/revisions"}],"predecessor-version":[{"id":72683,"href":"https:\/\/lahora.mx\/index.php\/wp-json\/wp\/v2\/posts\/72681\/revisions\/72683"}],"wp:featuredmedia":[{"embeddable":true,"href":"https:\/\/lahora.mx\/index.php\/wp-json\/wp\/v2\/media\/72682"}],"wp:attachment":[{"href":"https:\/\/lahora.mx\/index.php\/wp-json\/wp\/v2\/media?parent=72681"}],"wp:term":[{"taxonomy":"category","embeddable":true,"href":"https:\/\/lahora.mx\/index.php\/wp-json\/wp\/v2\/categories?post=72681"},{"taxonomy":"post_tag","embeddable":true,"href":"https:\/\/lahora.mx\/index.php\/wp-json\/wp\/v2\/tags?post=72681"}],"curies":[{"name":"wp","href":"https:\/\/api.w.org\/{rel}","templated":true}]}}