{"id":72678,"date":"2025-12-08T17:04:25","date_gmt":"2025-12-08T17:04:25","guid":{"rendered":"https:\/\/lahora.mx\/?p=72678"},"modified":"2025-12-08T17:04:26","modified_gmt":"2025-12-08T17:04:26","slug":"con-mas-de-90-calles-en-la-capital-avanza-programa-de-bacheo-del-ayuntamiento-detlaxcala","status":"publish","type":"post","link":"https:\/\/lahora.mx\/index.php\/2025\/12\/08\/con-mas-de-90-calles-en-la-capital-avanza-programa-de-bacheo-del-ayuntamiento-detlaxcala\/","title":{"rendered":"Con m\u00e1s de 90 calles en la capital avanza programa de bacheo del ayuntamiento deTlaxcala"},"content":{"rendered":"\n<p>Con m\u00e1s de 90 calles atendidas en lo que va de la administraci\u00f3n, el programa permanente de bacheo del Gobierno Municipal de Tlaxcala, encabezado por Alfonso S\u00e1nchez Garc\u00eda, avanza de manera sostenida para mejorar las vialidades de la capital.<\/p>\n\n\n\n<p>En d\u00edas recientes, la brigada de bacheo de la Direcci\u00f3n de Obras P\u00fablicas llev\u00f3 a cabo trabajos en dos importantes zonas del municipio: la Calle 47 de La Loma Xicoht\u00e9ncatl y la avenida De Los Volcanes, en Ocotl\u00e1n, una vialidad que ha requerido atenci\u00f3n preventiva en cuatro ocasiones durante la administraci\u00f3n 2024\u20132027 debido al desgaste.<\/p>\n\n\n\n<p>Estas acciones refuerzan la meta del gobierno municipal, a trav\u00e9s de la Direcci\u00f3n de Obras P\u00fablicas y desarrollo Urbano, para mantener calles transitables, seguras y en \u00f3ptimas condiciones.<\/p>\n\n\n\n<p>El alcalde Alfonso S\u00e1nchez Garc\u00eda ha instruido a la brigada de bacheo redoblar esfuerzos y continuar la intervenci\u00f3n de m\u00e1s vialidades, con el objetivo de mejorar la movilidad, garantizar trayectos seguros y brindar mejores condiciones tanto a automovilistas como a peatones en la capital de Tlaxcala.<\/p>\n","protected":false},"excerpt":{"rendered":"<p>Con m\u00e1s de 90 calles atendidas en lo que va de la administraci\u00f3n, el programa permanente de bacheo del Gobierno Municipal de Tlaxcala, encabezado por Alfonso S\u00e1nchez Garc\u00eda, avanza de manera sostenida para mejorar las vialidades de la capital. En d\u00edas recientes, la brigada de bacheo de la Direcci\u00f3n de Obras P\u00fablicas llev\u00f3 a cabo [&hellip;]<\/p>\n","protected":false},"author":1,"featured_media":72684,"comment_status":"open","ping_status":"open","sticky":false,"template":"","format":"standard","meta":{"om_disable_all_campaigns":false,"_monsterinsights_skip_tracking":false,"_monsterinsights_sitenote_active":false,"_monsterinsights_sitenote_note":"","_monsterinsights_sitenote_category":0,"footnotes":""},"categories":[175],"tags":[210],"class_list":["post-72678","post","type-post","status-publish","format-standard","has-post-thumbnail","hentry","category-local","tag-tlaxcala"],"amp_enabled":true,"_links":{"self":[{"href":"https:\/\/lahora.mx\/index.php\/wp-json\/wp\/v2\/posts\/72678","targetHints":{"allow":["GET"]}}],"collection":[{"href":"https:\/\/lahora.mx\/index.php\/wp-json\/wp\/v2\/posts"}],"about":[{"href":"https:\/\/lahora.mx\/index.php\/wp-json\/wp\/v2\/types\/post"}],"author":[{"embeddable":true,"href":"https:\/\/lahora.mx\/index.php\/wp-json\/wp\/v2\/users\/1"}],"replies":[{"embeddable":true,"href":"https:\/\/lahora.mx\/index.php\/wp-json\/wp\/v2\/comments?post=72678"}],"version-history":[{"count":1,"href":"https:\/\/lahora.mx\/index.php\/wp-json\/wp\/v2\/posts\/72678\/revisions"}],"predecessor-version":[{"id":72685,"href":"https:\/\/lahora.mx\/index.php\/wp-json\/wp\/v2\/posts\/72678\/revisions\/72685"}],"wp:featuredmedia":[{"embeddable":true,"href":"https:\/\/lahora.mx\/index.php\/wp-json\/wp\/v2\/media\/72684"}],"wp:attachment":[{"href":"https:\/\/lahora.mx\/index.php\/wp-json\/wp\/v2\/media?parent=72678"}],"wp:term":[{"taxonomy":"category","embeddable":true,"href":"https:\/\/lahora.mx\/index.php\/wp-json\/wp\/v2\/categories?post=72678"},{"taxonomy":"post_tag","embeddable":true,"href":"https:\/\/lahora.mx\/index.php\/wp-json\/wp\/v2\/tags?post=72678"}],"curies":[{"name":"wp","href":"https:\/\/api.w.org\/{rel}","templated":true}]}}