{"id":72675,"date":"2025-12-06T15:58:10","date_gmt":"2025-12-06T15:58:10","guid":{"rendered":"https:\/\/lahora.mx\/?p=72675"},"modified":"2026-01-06T02:37:01","modified_gmt":"2026-01-06T02:37:01","slug":"distinguen-a-docente-buap-con-el-global-outstanding-faculty-advisor-award","status":"publish","type":"post","link":"https:\/\/lahora.mx\/index.php\/2025\/12\/06\/distinguen-a-docente-buap-con-el-global-outstanding-faculty-advisor-award\/","title":{"rendered":"Distinguen a docente BUAP con el Global Outstanding Faculty Advisor Award"},"content":{"rendered":"\n<p>En reconocimiento a su liderazgo, compromiso con la formaci\u00f3n de futuros ingenieros y contribuci\u00f3n al fortalecimiento de los cap\u00edtulos estudiantiles a nivel global, el coordinador de la Formaci\u00f3n Dual Institucional en el Complejo Regional Centro campus San Jos\u00e9 Chiapa de la BUAP, C\u00e9sar Antonio Arg\u00fcello Rosales, fue galardonado con el Global Outstanding Faculty Advisor Award, otorgado por el Institute of Industrial and Systems Engineers (IISE), con sede en Atlanta, Estados Unidos.<\/p>\n\n\n\n<p>Profesor de Ingenier\u00eda en Procesos y Gesti\u00f3n Industrial, ha desarrollado una sobresaliente trayectoria como asesor del Cap\u00edtulo Estudiantil IISE 616 BUAP, San Jos\u00e9 Chiapa, desde su fundaci\u00f3n en 2021. Durante su gesti\u00f3n se han obtenido tres reconocimientos internacionales Gold Award consecutivos (2023, 2024 y 2025), consolid\u00e1ndose como uno de los cap\u00edtulos m\u00e1s destacados de Latinoam\u00e9rica.<br>\u201cFormar parte de un cap\u00edtulo estudiantil permite a los estudiantes desarrollar habilidades blandas, como liderazgo, resoluci\u00f3n de conflictos y toma de decisiones, y de esta manera empoderarse y crecer como mejores profesionistas\u201d, consider\u00f3 Arg\u00fcello Rosales.<\/p>\n\n\n\n<p>Los estudiantes han fortalecido su liderazgo, vinculaci\u00f3n con la industria y proyecci\u00f3n internacional, mediante congresos, talleres y actividades de alto impacto acad\u00e9mico que han sido impulsados por el docente del Complejo Regional Centro, como el Congreso de Perspectivas Globales de Mejora Continua: Industria Automotriz.<\/p>\n\n\n\n<p>En 2025, el Cap\u00edtulo Estudiantil IISE 616 BUAP obtuvo un nuevo logro al ser elegido como sede nacional del Congreso IISE M\u00e9xico 2026, denominado \u201cTecnium \u2013 IA\u201d, que se desarrollar\u00e1 bajo la l\u00ednea tem\u00e1tica \u201cInnovaci\u00f3n, Inteligencia Artificial y Mejora Continua en la Industria\u201d, con la participaci\u00f3n de instituciones y organismos de M\u00e9xico, Estados Unidos y Latinoam\u00e9rica.<\/p>\n\n\n\n<p>C\u00e9sar Antonio Arg\u00fcello Rosales reconoci\u00f3 que este trabajo multidisciplinario no hubiera sido posible sin el respaldo de la instituci\u00f3n: \u201cEl apoyo se ve reflejado en un mejor desarrollo de los temas acad\u00e9micos; por ejemplo, realizar foros o congresos con ponentes de alto nivel y desarrollar en los estudiantes habilidades para que profesionalmente se inserten en el mercado laboral. Realmente se cuenta con ese respaldo institucional y estamos muy agradecidos con ello\u201d.<\/p>\n\n\n\n<p>Adem\u00e1s del citado reconocimiento internacional, la obtenci\u00f3n de la sede nacional del Congreso IISE M\u00e9xico 2026, posicionan a la BUAP y a su sede de San Jos\u00e9 Chiapa como un referente internacional en ingenier\u00eda, innovaci\u00f3n y educaci\u00f3n dual, fortaleciendo su papel en la formaci\u00f3n de ingenieros de excelencia y en la promoci\u00f3n de la colaboraci\u00f3n academia\u2013industria.<\/p>\n\n\n\n<p>\u201cDesde que se inici\u00f3 el cap\u00edtulo estudiantil, cada a\u00f1o hemos obtenido la m\u00e1xima distinci\u00f3n que ofrece el Institute of Industrial and Systems Engineers: el Gold Award. Este reconocimiento sintetiza todo el trabajo realizado por cada una de las gestiones a lo largo de la fundaci\u00f3n del cap\u00edtulo hasta ahora\u201d, expres\u00f3.<\/p>\n","protected":false},"excerpt":{"rendered":"<p>En reconocimiento a su liderazgo, compromiso con la formaci\u00f3n de futuros ingenieros y contribuci\u00f3n al fortalecimiento de los cap\u00edtulos estudiantiles a nivel global, el coordinador de la Formaci\u00f3n Dual Institucional en el Complejo Regional Centro campus San Jos\u00e9 Chiapa de la BUAP, C\u00e9sar Antonio Arg\u00fcello Rosales, fue galardonado con el Global Outstanding Faculty Advisor Award, [&hellip;]<\/p>\n","protected":false},"author":1,"featured_media":72676,"comment_status":"open","ping_status":"open","sticky":false,"template":"","format":"standard","meta":{"om_disable_all_campaigns":false,"_monsterinsights_skip_tracking":false,"_monsterinsights_sitenote_active":false,"_monsterinsights_sitenote_note":"","_monsterinsights_sitenote_category":0,"footnotes":""},"categories":[175],"tags":[186,223],"class_list":["post-72675","post","type-post","status-publish","format-standard","has-post-thumbnail","hentry","category-local","tag-buap","tag-puebla"],"amp_enabled":true,"_links":{"self":[{"href":"https:\/\/lahora.mx\/index.php\/wp-json\/wp\/v2\/posts\/72675","targetHints":{"allow":["GET"]}}],"collection":[{"href":"https:\/\/lahora.mx\/index.php\/wp-json\/wp\/v2\/posts"}],"about":[{"href":"https:\/\/lahora.mx\/index.php\/wp-json\/wp\/v2\/types\/post"}],"author":[{"embeddable":true,"href":"https:\/\/lahora.mx\/index.php\/wp-json\/wp\/v2\/users\/1"}],"replies":[{"embeddable":true,"href":"https:\/\/lahora.mx\/index.php\/wp-json\/wp\/v2\/comments?post=72675"}],"version-history":[{"count":1,"href":"https:\/\/lahora.mx\/index.php\/wp-json\/wp\/v2\/posts\/72675\/revisions"}],"predecessor-version":[{"id":72677,"href":"https:\/\/lahora.mx\/index.php\/wp-json\/wp\/v2\/posts\/72675\/revisions\/72677"}],"wp:featuredmedia":[{"embeddable":true,"href":"https:\/\/lahora.mx\/index.php\/wp-json\/wp\/v2\/media\/72676"}],"wp:attachment":[{"href":"https:\/\/lahora.mx\/index.php\/wp-json\/wp\/v2\/media?parent=72675"}],"wp:term":[{"taxonomy":"category","embeddable":true,"href":"https:\/\/lahora.mx\/index.php\/wp-json\/wp\/v2\/categories?post=72675"},{"taxonomy":"post_tag","embeddable":true,"href":"https:\/\/lahora.mx\/index.php\/wp-json\/wp\/v2\/tags?post=72675"}],"curies":[{"name":"wp","href":"https:\/\/api.w.org\/{rel}","templated":true}]}}