{"id":72665,"date":"2025-12-08T15:37:31","date_gmt":"2025-12-08T15:37:31","guid":{"rendered":"https:\/\/lahora.mx\/?p=72665"},"modified":"2025-12-08T15:37:32","modified_gmt":"2025-12-08T15:37:32","slug":"cablebus-transporte-seguro-que-transformara-la-movilidad-en-puebla","status":"publish","type":"post","link":"https:\/\/lahora.mx\/index.php\/2025\/12\/08\/cablebus-transporte-seguro-que-transformara-la-movilidad-en-puebla\/","title":{"rendered":"Cableb\u00fas, transporte seguro que transformar\u00e1 la movilidad en Puebla"},"content":{"rendered":"\n<p>Con el objetivo de mejorar la movilidad urbana, la administraci\u00f3n estatal que preside el gobernador Alejandro Armenta, sentar\u00e1 las bases en los pr\u00f3ximos d\u00edas, de la primera de las 4 l\u00edneas de Cableb\u00fas del sexenio.<\/p>\n\n\n\n<p>El mandatario estatal explic\u00f3 que es un proyecto innovador, inclusivo, protector del medio ambiente y 100 por ciento seguro para las familias; por lo que, las l\u00edneas 1, 2, 3 y 4 cubrir\u00e1n el trayecto desde el Estadio Cuauht\u00e9moc, hasta la zona de Angel\u00f3polis; mientras que un proyecto futuro prev\u00e9 completar un circuito integral con las l\u00edneas 5, 6, 7 y 8.<\/p>\n\n\n\n<p><br>El gobernador Alejandro Armenta se\u00f1al\u00f3 que su administraci\u00f3n buscar\u00e1 financiar las cuatro l\u00edneas adicionales con recursos estatales y, en caso de no ser suficiente el presupuesto, se abrir\u00e1 la posibilidad de concesi\u00f3n para concluir el sistema en un solo sexenio.<\/p>\n\n\n\n<p>Cabe mencionar que el proyecto avanzar\u00e1 con un consorcio de cinco empresas encabezadas por Doppelmayr, firma reconocida internacionalmente por su experiencia en sistemas de transporte por cable. Las compa\u00f1\u00edas participantes son las \u00fanicas que cumplieron los requisitos t\u00e9cnicos y financieros de las bases de licitaci\u00f3n y sumaron el capital necesario para concretar la inversi\u00f3n.<\/p>\n\n\n\n<p>Por su parte, el coordinador de Gabinete, Jos\u00e9 Luis Garc\u00eda Parra, explic\u00f3 que el gobierno estatal defini\u00f3 un marco jur\u00eddico claro para garantizar la operaci\u00f3n y continuidad del proyecto. Adem\u00e1s, explic\u00f3 que la nueva Ley de Movilidad del Estado reconoce este tipo de transporte y establece lineamientos para su eventual concesi\u00f3n sin comprometer el control p\u00fablico.<\/p>\n\n\n\n<p>Garc\u00eda Parra a\u00f1adi\u00f3 que el sistema se entregar\u00e1 en un plazo de 24 meses, se liquidar\u00e1 dentro de los cinco a\u00f1os restantes del sexenio y quedar\u00e1 bajo operaci\u00f3n directa de la Secretar\u00eda de Movilidad y Transporte.<\/p>\n\n\n\n<p>Con el proyecto integral del Cableb\u00fas, el Gobierno del Estado busca conectar a la ciudad, con respeto de la zona monumental y en coordinaci\u00f3n con el Instituto Nacional de Antropolog\u00eda e Historia (INAH).<\/p>\n","protected":false},"excerpt":{"rendered":"<p>Con el objetivo de mejorar la movilidad urbana, la administraci\u00f3n estatal que preside el gobernador Alejandro Armenta, sentar\u00e1 las bases en los pr\u00f3ximos d\u00edas, de la primera de las 4 l\u00edneas de Cableb\u00fas del sexenio. El mandatario estatal explic\u00f3 que es un proyecto innovador, inclusivo, protector del medio ambiente y 100 por ciento seguro para [&hellip;]<\/p>\n","protected":false},"author":1,"featured_media":72666,"comment_status":"open","ping_status":"open","sticky":false,"template":"","format":"standard","meta":{"om_disable_all_campaigns":false,"_monsterinsights_skip_tracking":false,"_monsterinsights_sitenote_active":false,"_monsterinsights_sitenote_note":"","_monsterinsights_sitenote_category":0,"footnotes":""},"categories":[175],"tags":[239,195,223],"class_list":["post-72665","post","type-post","status-publish","format-standard","has-post-thumbnail","hentry","category-local","tag-gobierno","tag-principal","tag-puebla"],"amp_enabled":true,"_links":{"self":[{"href":"https:\/\/lahora.mx\/index.php\/wp-json\/wp\/v2\/posts\/72665","targetHints":{"allow":["GET"]}}],"collection":[{"href":"https:\/\/lahora.mx\/index.php\/wp-json\/wp\/v2\/posts"}],"about":[{"href":"https:\/\/lahora.mx\/index.php\/wp-json\/wp\/v2\/types\/post"}],"author":[{"embeddable":true,"href":"https:\/\/lahora.mx\/index.php\/wp-json\/wp\/v2\/users\/1"}],"replies":[{"embeddable":true,"href":"https:\/\/lahora.mx\/index.php\/wp-json\/wp\/v2\/comments?post=72665"}],"version-history":[{"count":1,"href":"https:\/\/lahora.mx\/index.php\/wp-json\/wp\/v2\/posts\/72665\/revisions"}],"predecessor-version":[{"id":72667,"href":"https:\/\/lahora.mx\/index.php\/wp-json\/wp\/v2\/posts\/72665\/revisions\/72667"}],"wp:featuredmedia":[{"embeddable":true,"href":"https:\/\/lahora.mx\/index.php\/wp-json\/wp\/v2\/media\/72666"}],"wp:attachment":[{"href":"https:\/\/lahora.mx\/index.php\/wp-json\/wp\/v2\/media?parent=72665"}],"wp:term":[{"taxonomy":"category","embeddable":true,"href":"https:\/\/lahora.mx\/index.php\/wp-json\/wp\/v2\/categories?post=72665"},{"taxonomy":"post_tag","embeddable":true,"href":"https:\/\/lahora.mx\/index.php\/wp-json\/wp\/v2\/tags?post=72665"}],"curies":[{"name":"wp","href":"https:\/\/api.w.org\/{rel}","templated":true}]}}