{"id":72662,"date":"2025-12-08T15:31:08","date_gmt":"2025-12-08T15:31:08","guid":{"rendered":"https:\/\/lahora.mx\/?p=72662"},"modified":"2025-12-08T15:31:09","modified_gmt":"2025-12-08T15:31:09","slug":"arranca-ayuntamient-de-tlaxcala-la-campana-abriga-de-corazon-para-apoyar-a-quienes-mas-lo-necesitan","status":"publish","type":"post","link":"https:\/\/lahora.mx\/index.php\/2025\/12\/08\/arranca-ayuntamient-de-tlaxcala-la-campana-abriga-de-corazon-para-apoyar-a-quienes-mas-lo-necesitan\/","title":{"rendered":"Arranca ayuntamient de Tlaxcala la campa\u00f1a Abriga de Coraz\u00f3n para apoyar a quienes m\u00e1s lo necesitan"},"content":{"rendered":"\n<p>El Ayuntamiento de Tlaxcala inici\u00f3 el pasado fin de semana la campa\u00f1a de donaci\u00f3n \u201cAbriga de Coraz\u00f3n\u201d, una iniciativa solidaria que busca reunir ropa de abrigo en buenas condiciones para apoyar a personas en situaci\u00f3n vulnerable durante esta temporada invernal.<\/p>\n\n\n\n<p>Con este esfuerzo, el gobierno municipal que preside Alfonso S\u00e1nchez Garc\u00eda impulsa acciones que fortalecen la cohesi\u00f3n social y el bienestar comunitario, adem\u00e1s de que representa un acto de empat\u00eda que puede marcar la diferencia en la vida de quienes enfrentan bajas temperaturas sin los recursos necesarios.<\/p>\n\n\n\n<p>La ciudadan\u00eda podr\u00e1 donar chamarras, su\u00e9teres, chalecos, bufandas, guantes, gorros y cobertores hasta el 19 de diciembre, en un horario de 9:00 a 15:00 horas en tres diferentes sedes.<\/p>\n\n\n\n<p>Los centros de acopio son: la Direcci\u00f3n de Bienestar Humano, ubicada en La Ca\u00f1ada S\/N, Ocotl\u00e1n; el Polideportivo \u201cCarlos Castillo Peraza\u201d, en calle Tecuanitzi No. 3, San Hip\u00f3lito Chimalpa; y la Unidad Municipal de Protecci\u00f3n al Medio Ambiente, instalada en el Mercado Municipal \u201cEmilio S\u00e1nchez Piedras\u201d. Estos espacios operan bajo una log\u00edstica coordinada que garantiza el adecuado resguardo y clasificaci\u00f3n de las donaciones.<\/p>\n\n\n\n<p>El Gobierno de Alfonso S\u00e1nchez Garc\u00eda hizo un llamado a la poblaci\u00f3n para sumarse a esta campa\u00f1a que brindar\u00e1 apoyo directo a las familias que m\u00e1s lo necesitan.<\/p>\n","protected":false},"excerpt":{"rendered":"<p>El Ayuntamiento de Tlaxcala inici\u00f3 el pasado fin de semana la campa\u00f1a de donaci\u00f3n \u201cAbriga de Coraz\u00f3n\u201d, una iniciativa solidaria que busca reunir ropa de abrigo en buenas condiciones para apoyar a personas en situaci\u00f3n vulnerable durante esta temporada invernal. Con este esfuerzo, el gobierno municipal que preside Alfonso S\u00e1nchez Garc\u00eda impulsa acciones que fortalecen [&hellip;]<\/p>\n","protected":false},"author":1,"featured_media":72663,"comment_status":"open","ping_status":"open","sticky":false,"template":"","format":"standard","meta":{"om_disable_all_campaigns":false,"_monsterinsights_skip_tracking":false,"_monsterinsights_sitenote_active":false,"_monsterinsights_sitenote_note":"","_monsterinsights_sitenote_category":0,"footnotes":""},"categories":[175],"tags":[223,210],"class_list":["post-72662","post","type-post","status-publish","format-standard","has-post-thumbnail","hentry","category-local","tag-puebla","tag-tlaxcala"],"amp_enabled":true,"_links":{"self":[{"href":"https:\/\/lahora.mx\/index.php\/wp-json\/wp\/v2\/posts\/72662","targetHints":{"allow":["GET"]}}],"collection":[{"href":"https:\/\/lahora.mx\/index.php\/wp-json\/wp\/v2\/posts"}],"about":[{"href":"https:\/\/lahora.mx\/index.php\/wp-json\/wp\/v2\/types\/post"}],"author":[{"embeddable":true,"href":"https:\/\/lahora.mx\/index.php\/wp-json\/wp\/v2\/users\/1"}],"replies":[{"embeddable":true,"href":"https:\/\/lahora.mx\/index.php\/wp-json\/wp\/v2\/comments?post=72662"}],"version-history":[{"count":1,"href":"https:\/\/lahora.mx\/index.php\/wp-json\/wp\/v2\/posts\/72662\/revisions"}],"predecessor-version":[{"id":72664,"href":"https:\/\/lahora.mx\/index.php\/wp-json\/wp\/v2\/posts\/72662\/revisions\/72664"}],"wp:featuredmedia":[{"embeddable":true,"href":"https:\/\/lahora.mx\/index.php\/wp-json\/wp\/v2\/media\/72663"}],"wp:attachment":[{"href":"https:\/\/lahora.mx\/index.php\/wp-json\/wp\/v2\/media?parent=72662"}],"wp:term":[{"taxonomy":"category","embeddable":true,"href":"https:\/\/lahora.mx\/index.php\/wp-json\/wp\/v2\/categories?post=72662"},{"taxonomy":"post_tag","embeddable":true,"href":"https:\/\/lahora.mx\/index.php\/wp-json\/wp\/v2\/tags?post=72662"}],"curies":[{"name":"wp","href":"https:\/\/api.w.org\/{rel}","templated":true}]}}