{"id":7266,"date":"2022-05-22T19:30:19","date_gmt":"2022-05-22T19:30:19","guid":{"rendered":"http:\/\/lahora.mx\/?p=7266"},"modified":"2022-05-22T19:30:20","modified_gmt":"2022-05-22T19:30:20","slug":"justicia-para-cecilia-claman-a-gritos-en-la-fiscalia-de-puebla","status":"publish","type":"post","link":"https:\/\/lahora.mx\/index.php\/2022\/05\/22\/justicia-para-cecilia-claman-a-gritos-en-la-fiscalia-de-puebla\/","title":{"rendered":"\u00a1Justicia para Cecilia! Claman a gritos en la Fiscal\u00eda de Puebla"},"content":{"rendered":"\n<p>La ma\u00f1ana de este domingo,\u00a0<strong>decenas de activistas \u00a0se \u00a0manifestaron frente a la Fiscal\u00eda General del Estado de Puebla<\/strong>\u00a0para exigir por Celia Monz\u00f3n quien fue ejecutada la arde de este s\u00e1bado a bordo de su veh\u00edculo en Camino Real a Momoxpan, a la altura del Perif\u00e9rico Ecol\u00f3gico.<br><\/p>\n\n\n\n<p>Las manifestantes&nbsp;<strong>recriminaron a la Fiscal\u00eda<\/strong>&nbsp;haber hecho caso omiso a &nbsp;la protecci\u00f3n que hab\u00eda solicitado la activista.<\/p>\n\n\n\n<p>Del mismo modo, \u00a0exigieron al gobernador Migue Barbosa que de seguimiento al caso \u00a0e instruya al adecuado cuidado de las pruebas esenciales para esclarecer el asesinato \u00a0de Cecilia.<\/p>\n\n\n\n<p>La ma\u00f1ana del s\u00e1bado, la ac<strong>tivista y abogada Cecilia Monz\u00f3n fue asesinada en un ataque directo por sujetos armados<\/strong>&nbsp;que la persiguieron y la acribillaron en la calle Camino Real a Momoxpan, a la altura del Perif\u00e9rico Ecol\u00f3gico.<\/p>\n\n\n\n<p>La activista&nbsp; conduc\u00eda una camioneta Kya Color griscuando dos hombres armados comenzaron a perseguirla. La tambi\u00e9n feminista recibi\u00f3 al menos seis impactos de bala.<\/p>\n","protected":false},"excerpt":{"rendered":"<p>La ma\u00f1ana de este domingo,\u00a0decenas de activistas \u00a0se \u00a0manifestaron frente a la Fiscal\u00eda General del Estado de Puebla\u00a0para exigir por Celia Monz\u00f3n quien fue ejecutada la arde de este s\u00e1bado a bordo de su veh\u00edculo en Camino Real a Momoxpan, a la altura del Perif\u00e9rico Ecol\u00f3gico. Las manifestantes&nbsp;recriminaron a la Fiscal\u00eda&nbsp;haber hecho caso omiso a [&hellip;]<\/p>\n","protected":false},"author":4,"featured_media":7267,"comment_status":"open","ping_status":"open","sticky":false,"template":"","format":"standard","meta":{"om_disable_all_campaigns":false,"_monsterinsights_skip_tracking":false,"_monsterinsights_sitenote_active":false,"_monsterinsights_sitenote_note":"","_monsterinsights_sitenote_category":0,"footnotes":""},"categories":[175],"tags":[195,223],"class_list":["post-7266","post","type-post","status-publish","format-standard","has-post-thumbnail","hentry","category-local","tag-principal","tag-puebla"],"amp_enabled":true,"_links":{"self":[{"href":"https:\/\/lahora.mx\/index.php\/wp-json\/wp\/v2\/posts\/7266","targetHints":{"allow":["GET"]}}],"collection":[{"href":"https:\/\/lahora.mx\/index.php\/wp-json\/wp\/v2\/posts"}],"about":[{"href":"https:\/\/lahora.mx\/index.php\/wp-json\/wp\/v2\/types\/post"}],"author":[{"embeddable":true,"href":"https:\/\/lahora.mx\/index.php\/wp-json\/wp\/v2\/users\/4"}],"replies":[{"embeddable":true,"href":"https:\/\/lahora.mx\/index.php\/wp-json\/wp\/v2\/comments?post=7266"}],"version-history":[{"count":1,"href":"https:\/\/lahora.mx\/index.php\/wp-json\/wp\/v2\/posts\/7266\/revisions"}],"predecessor-version":[{"id":7268,"href":"https:\/\/lahora.mx\/index.php\/wp-json\/wp\/v2\/posts\/7266\/revisions\/7268"}],"wp:featuredmedia":[{"embeddable":true,"href":"https:\/\/lahora.mx\/index.php\/wp-json\/wp\/v2\/media\/7267"}],"wp:attachment":[{"href":"https:\/\/lahora.mx\/index.php\/wp-json\/wp\/v2\/media?parent=7266"}],"wp:term":[{"taxonomy":"category","embeddable":true,"href":"https:\/\/lahora.mx\/index.php\/wp-json\/wp\/v2\/categories?post=7266"},{"taxonomy":"post_tag","embeddable":true,"href":"https:\/\/lahora.mx\/index.php\/wp-json\/wp\/v2\/tags?post=7266"}],"curies":[{"name":"wp","href":"https:\/\/api.w.org\/{rel}","templated":true}]}}