{"id":72642,"date":"2025-12-08T01:12:03","date_gmt":"2025-12-08T01:12:03","guid":{"rendered":"https:\/\/lahora.mx\/?p=72642"},"modified":"2025-12-08T01:12:04","modified_gmt":"2025-12-08T01:12:04","slug":"inicia-la-venta-de-roscas-rellenas-de-reyes-en-san-pedro-cholula","status":"publish","type":"post","link":"https:\/\/lahora.mx\/index.php\/2025\/12\/08\/inicia-la-venta-de-roscas-rellenas-de-reyes-en-san-pedro-cholula\/","title":{"rendered":"Inicia la venta de roscas rellenas de reyes en San Pedro Cholula"},"content":{"rendered":"\n<p>Desde este d\u00eda en San Pedro Cholula se ha iniciado la venta de la tradicional rosca de reyes rellena, la cual es una de las especialidades en esta demarcaci\u00f3n y donde a pesar del alza en los insumos se luchar\u00e1 por mantener los precios del a\u00f1o pasado.<\/p>\n\n\n\n<p>En la Antigua Blanca, panader\u00eda que cumple 105 a\u00f1os de vida, este d\u00eda se present\u00f3 este delicioso pan de temporada, as\u00ed como el de mantequilla y se planea que las panader\u00edas de esta familia tengan el mismo costo, apoyando sobre todo el bolsillo de las familias cholultecas.<br><br>Rellenas con crema, nuez, almendra y con un sabor \u00fanico, se present\u00f3 este pan, el cual desde este d\u00eda se podr\u00e1 encontrar en comercio ubicado en la avenida Hidalgo 109 en la cabecera municipal, ya se podr\u00e1 degustar de este pan.<\/p>\n\n\n\n<p>Matilde Roldan, empresaria panadera, dijo que el 24 y 25 as\u00ed como el 31 y primero de enero muchas familias solicitan la rosca para degustarla como postre en sus cenas navide\u00f1as, sobre todo para disfrutar una receta milenaria que lleva m\u00e1s de cien a\u00f1os.<\/p>\n\n\n\n<p>\u201cPor demanda de las familias cholultecas, de nuestros clientes que nos solicitan llevar a cabo esta temporada, hoy la iniciamos, usualmente comenzamos la venta el 20 de diciembre, pero ya tenemos pedidos, hay una venta importante el 21 y el primero de enero para llevar sus roscas, tenemos una gran calidad, es nuestra mejor temporada, estamos luchando por mantener nuestros precios\u201d, dijo.<\/p>\n","protected":false},"excerpt":{"rendered":"<p>Desde este d\u00eda en San Pedro Cholula se ha iniciado la venta de la tradicional rosca de reyes rellena, la cual es una de las especialidades en esta demarcaci\u00f3n y donde a pesar del alza en los insumos se luchar\u00e1 por mantener los precios del a\u00f1o pasado. En la Antigua Blanca, panader\u00eda que cumple 105 [&hellip;]<\/p>\n","protected":false},"author":1,"featured_media":72643,"comment_status":"open","ping_status":"open","sticky":false,"template":"","format":"standard","meta":{"om_disable_all_campaigns":false,"_monsterinsights_skip_tracking":false,"_monsterinsights_sitenote_active":false,"_monsterinsights_sitenote_note":"","_monsterinsights_sitenote_category":0,"footnotes":""},"categories":[3,175],"tags":[234,223],"class_list":["post-72642","post","type-post","status-publish","format-standard","has-post-thumbnail","hentry","category-entretenimiento","category-local","tag-cholula","tag-puebla"],"amp_enabled":true,"_links":{"self":[{"href":"https:\/\/lahora.mx\/index.php\/wp-json\/wp\/v2\/posts\/72642","targetHints":{"allow":["GET"]}}],"collection":[{"href":"https:\/\/lahora.mx\/index.php\/wp-json\/wp\/v2\/posts"}],"about":[{"href":"https:\/\/lahora.mx\/index.php\/wp-json\/wp\/v2\/types\/post"}],"author":[{"embeddable":true,"href":"https:\/\/lahora.mx\/index.php\/wp-json\/wp\/v2\/users\/1"}],"replies":[{"embeddable":true,"href":"https:\/\/lahora.mx\/index.php\/wp-json\/wp\/v2\/comments?post=72642"}],"version-history":[{"count":1,"href":"https:\/\/lahora.mx\/index.php\/wp-json\/wp\/v2\/posts\/72642\/revisions"}],"predecessor-version":[{"id":72644,"href":"https:\/\/lahora.mx\/index.php\/wp-json\/wp\/v2\/posts\/72642\/revisions\/72644"}],"wp:featuredmedia":[{"embeddable":true,"href":"https:\/\/lahora.mx\/index.php\/wp-json\/wp\/v2\/media\/72643"}],"wp:attachment":[{"href":"https:\/\/lahora.mx\/index.php\/wp-json\/wp\/v2\/media?parent=72642"}],"wp:term":[{"taxonomy":"category","embeddable":true,"href":"https:\/\/lahora.mx\/index.php\/wp-json\/wp\/v2\/categories?post=72642"},{"taxonomy":"post_tag","embeddable":true,"href":"https:\/\/lahora.mx\/index.php\/wp-json\/wp\/v2\/tags?post=72642"}],"curies":[{"name":"wp","href":"https:\/\/api.w.org\/{rel}","templated":true}]}}