{"id":72638,"date":"2025-12-08T01:01:16","date_gmt":"2025-12-08T01:01:16","guid":{"rendered":"https:\/\/lahora.mx\/?p=72638"},"modified":"2025-12-08T01:01:17","modified_gmt":"2025-12-08T01:01:17","slug":"avanza-gobierno-de-la-ciudad-en-materia-de-bienestar-animal","status":"publish","type":"post","link":"https:\/\/lahora.mx\/index.php\/2025\/12\/08\/avanza-gobierno-de-la-ciudad-en-materia-de-bienestar-animal\/","title":{"rendered":"Avanza Gobierno de la Ciudad en materia de bienestar animal"},"content":{"rendered":"\n<p>El Gobierno de la Ciudad, encabezado por el presidente municipal Pepe Chedraui, inform\u00f3 los avances registrados de enero a noviembre de 2025 en materia de bienestar animal, a trav\u00e9s de la Secretar\u00eda de Medio Ambiente, donde la capital ha fortalecido sus programas de protecci\u00f3n de los seres sintientes y atenci\u00f3n ciudadana.<\/p>\n\n\n\n<p>El secretario Iv\u00e1n Herrera destac\u00f3 que las jornadas de esterilizaci\u00f3n y vacunaci\u00f3n gratuitas, que se realizan hasta tres veces por semana, son acciones que consolidan una pol\u00edtica integral que protege la salud humana y animal.<\/p>\n\n\n\n<p>\u201cCada vacuna, esterilizaci\u00f3n y adopci\u00f3n representan un paso firme hacia una ciudad m\u00e1s segura y con menos abandono animal.\u201d<\/p>\n\n\n\n<p>Resultados alcanzados de enero a noviembre 2025<\/p>\n\n\n\n<p>73,378 vacunas antirr\u00e1bicas aplicadas en 563 colonias del municipio:<br>155 jornadas de bienestar animal, con 12,037 cirug\u00edas de esterilizaci\u00f3n realizadas en 17 juntas auxiliares y 154 colonias; de estas, 4,422 correspondieron a caninos y 7 mil 615 a felinos.<br>43 jornadas de adopci\u00f3n, mediante las cuales 53 mascotas fueron integradas a hogares responsables.<br>949 pl\u00e1ticas de tenencia responsable, derivadas de 12 reportes atendidos en diferentes zonas.<br>405 diagn\u00f3sticos de rabia efectuados.<br>446 denuncias por maltrato y agresi\u00f3n animal atendidas: 322 por maltrato y 124 por agresi\u00f3n.<\/p>\n","protected":false},"excerpt":{"rendered":"<p>El Gobierno de la Ciudad, encabezado por el presidente municipal Pepe Chedraui, inform\u00f3 los avances registrados de enero a noviembre de 2025 en materia de bienestar animal, a trav\u00e9s de la Secretar\u00eda de Medio Ambiente, donde la capital ha fortalecido sus programas de protecci\u00f3n de los seres sintientes y atenci\u00f3n ciudadana. El secretario Iv\u00e1n Herrera [&hellip;]<\/p>\n","protected":false},"author":1,"featured_media":72639,"comment_status":"open","ping_status":"open","sticky":false,"template":"","format":"standard","meta":{"om_disable_all_campaigns":false,"_monsterinsights_skip_tracking":false,"_monsterinsights_sitenote_active":false,"_monsterinsights_sitenote_note":"","_monsterinsights_sitenote_category":0,"footnotes":""},"categories":[175],"tags":[239,223],"class_list":["post-72638","post","type-post","status-publish","format-standard","has-post-thumbnail","hentry","category-local","tag-gobierno","tag-puebla"],"amp_enabled":true,"_links":{"self":[{"href":"https:\/\/lahora.mx\/index.php\/wp-json\/wp\/v2\/posts\/72638","targetHints":{"allow":["GET"]}}],"collection":[{"href":"https:\/\/lahora.mx\/index.php\/wp-json\/wp\/v2\/posts"}],"about":[{"href":"https:\/\/lahora.mx\/index.php\/wp-json\/wp\/v2\/types\/post"}],"author":[{"embeddable":true,"href":"https:\/\/lahora.mx\/index.php\/wp-json\/wp\/v2\/users\/1"}],"replies":[{"embeddable":true,"href":"https:\/\/lahora.mx\/index.php\/wp-json\/wp\/v2\/comments?post=72638"}],"version-history":[{"count":1,"href":"https:\/\/lahora.mx\/index.php\/wp-json\/wp\/v2\/posts\/72638\/revisions"}],"predecessor-version":[{"id":72640,"href":"https:\/\/lahora.mx\/index.php\/wp-json\/wp\/v2\/posts\/72638\/revisions\/72640"}],"wp:featuredmedia":[{"embeddable":true,"href":"https:\/\/lahora.mx\/index.php\/wp-json\/wp\/v2\/media\/72639"}],"wp:attachment":[{"href":"https:\/\/lahora.mx\/index.php\/wp-json\/wp\/v2\/media?parent=72638"}],"wp:term":[{"taxonomy":"category","embeddable":true,"href":"https:\/\/lahora.mx\/index.php\/wp-json\/wp\/v2\/categories?post=72638"},{"taxonomy":"post_tag","embeddable":true,"href":"https:\/\/lahora.mx\/index.php\/wp-json\/wp\/v2\/tags?post=72638"}],"curies":[{"name":"wp","href":"https:\/\/api.w.org\/{rel}","templated":true}]}}