{"id":7263,"date":"2022-05-22T19:28:22","date_gmt":"2022-05-22T19:28:22","guid":{"rendered":"http:\/\/lahora.mx\/?p=7263"},"modified":"2022-05-22T19:28:23","modified_gmt":"2022-05-22T19:28:23","slug":"verstappen-gana-en-espana-checo-es-segundo-y-queda-inconforme","status":"publish","type":"post","link":"https:\/\/lahora.mx\/index.php\/2022\/05\/22\/verstappen-gana-en-espana-checo-es-segundo-y-queda-inconforme\/","title":{"rendered":"Verstappen gana en Espa\u00f1a; \u2018Checo\u2019 es segundo y queda inconforme"},"content":{"rendered":"\n<p>El neerland\u00e9s&nbsp;<strong>Max Verstappen (Red Bull) se impuso en el GP de Espa\u00f1a de F\u00f3rmula 1&nbsp;<\/strong>este domingo y se coloc\u00f3 l\u00edder de la clasificaci\u00f3n general de pilotos en detrimento del monegasco Charles Leclerc (Ferrari), que tuvo que abandonar por un problema mec\u00e1nico.PUBLICIDAD<\/p>\n\n\n\n<p>Precedente l\u00edder del Mundial, el piloto de la Scuderia era l\u00edder aventajado respecto a sus perseguidores, el brit\u00e1nico George Russell (Mercedes) y Verstappen, cuando su monoplaza comenz\u00f3 a perder potencia.<\/p>\n\n\n\n<p>En la sexta carrera de la temporada,\u00a0<strong>el otro Red Bull del mexicano Sergio P\u00e9rez y Russell, segundo y tercero respectivamente,<\/strong>\u00a0completaron el podio.<\/p>\n\n\n\n<p>Aunque la situaci\u00f3n \u00abduele, hay al menos muchas cosas positivas, logramos solucionar los problemas de degradaci\u00f3n de los neum\u00e1ticos, fue realmente la respuesta que esper\u00e1bamos\u00bb, relativiz\u00f3.<\/p>\n\n\n\n<p>En el circuito de Montmel\u00f3, en Barcelona,<strong>&nbsp;Verstappen logr\u00f3 la 24\u00aa victoria de su carrera y la cuarta esta temporada,<\/strong>&nbsp;despu\u00e9s de los GP de Arabia Saudita, Emilia Roma\u00f1a en Italia y Miami.<\/p>\n\n\n\n<p><strong>El espa\u00f1ol Carlos Sainz, en tercer puesto de la parrilla pero que no realiz\u00f3 una buena salida,<\/strong>&nbsp;finaliz\u00f3 en cuarto puesto y salv\u00f3 los muebles para Ferrari, que de paso perdi\u00f3 el liderato del Mundial de constructores en beneficio de Red Bull.<\/p>\n\n\n\n<p>Tras haber partido desde la quinta posici\u00f3n en la parrilla, el brit\u00e1nico<strong>&nbsp;Lewis Hamilton sufri\u00f3 un choque con el Haas del dan\u00e9s Kevin Magnussen<\/strong>&nbsp;en los primeros compases de la carrera, incidente que llev\u00f3 a los dos pilotos a boxes. Aun as\u00ed firm\u00f3 un quinto puesto&#8230; \u00bfun aviso de que Mercedes est\u00e1 de regreso?&nbsp;<\/p>\n","protected":false},"excerpt":{"rendered":"<p>El neerland\u00e9s&nbsp;Max Verstappen (Red Bull) se impuso en el GP de Espa\u00f1a de F\u00f3rmula 1&nbsp;este domingo y se coloc\u00f3 l\u00edder de la clasificaci\u00f3n general de pilotos en detrimento del monegasco Charles Leclerc (Ferrari), que tuvo que abandonar por un problema mec\u00e1nico.PUBLICIDAD Precedente l\u00edder del Mundial, el piloto de la Scuderia era l\u00edder aventajado respecto a [&hellip;]<\/p>\n","protected":false},"author":4,"featured_media":7264,"comment_status":"open","ping_status":"open","sticky":false,"template":"","format":"standard","meta":{"om_disable_all_campaigns":false,"_monsterinsights_skip_tracking":false,"_monsterinsights_sitenote_active":false,"_monsterinsights_sitenote_note":"","_monsterinsights_sitenote_category":0,"footnotes":""},"categories":[183],"tags":[195],"class_list":["post-7263","post","type-post","status-publish","format-standard","has-post-thumbnail","hentry","category-internacional","tag-principal"],"amp_enabled":true,"_links":{"self":[{"href":"https:\/\/lahora.mx\/index.php\/wp-json\/wp\/v2\/posts\/7263","targetHints":{"allow":["GET"]}}],"collection":[{"href":"https:\/\/lahora.mx\/index.php\/wp-json\/wp\/v2\/posts"}],"about":[{"href":"https:\/\/lahora.mx\/index.php\/wp-json\/wp\/v2\/types\/post"}],"author":[{"embeddable":true,"href":"https:\/\/lahora.mx\/index.php\/wp-json\/wp\/v2\/users\/4"}],"replies":[{"embeddable":true,"href":"https:\/\/lahora.mx\/index.php\/wp-json\/wp\/v2\/comments?post=7263"}],"version-history":[{"count":1,"href":"https:\/\/lahora.mx\/index.php\/wp-json\/wp\/v2\/posts\/7263\/revisions"}],"predecessor-version":[{"id":7265,"href":"https:\/\/lahora.mx\/index.php\/wp-json\/wp\/v2\/posts\/7263\/revisions\/7265"}],"wp:featuredmedia":[{"embeddable":true,"href":"https:\/\/lahora.mx\/index.php\/wp-json\/wp\/v2\/media\/7264"}],"wp:attachment":[{"href":"https:\/\/lahora.mx\/index.php\/wp-json\/wp\/v2\/media?parent=7263"}],"wp:term":[{"taxonomy":"category","embeddable":true,"href":"https:\/\/lahora.mx\/index.php\/wp-json\/wp\/v2\/categories?post=7263"},{"taxonomy":"post_tag","embeddable":true,"href":"https:\/\/lahora.mx\/index.php\/wp-json\/wp\/v2\/tags?post=7263"}],"curies":[{"name":"wp","href":"https:\/\/api.w.org\/{rel}","templated":true}]}}