{"id":72626,"date":"2025-12-07T21:34:40","date_gmt":"2025-12-07T21:34:40","guid":{"rendered":"https:\/\/lahora.mx\/?p=72626"},"modified":"2025-12-07T21:34:41","modified_gmt":"2025-12-07T21:34:41","slug":"volkswagen-aumenta-sus-ventas-audi-se-estanca","status":"publish","type":"post","link":"https:\/\/lahora.mx\/index.php\/2025\/12\/07\/volkswagen-aumenta-sus-ventas-audi-se-estanca\/","title":{"rendered":"Volkswagen aumenta sus ventas Audi se estanca"},"content":{"rendered":"\n<p>Los primeros 11 meses de 2025, las\u00a0<strong>armadoras Volkswagen y Audi, ambas con operaciones en el estado de Puebla,<\/strong>\u00a0registraron un\u00a0<strong>comportamiento contrastante en la venta de veh\u00edculos<\/strong>\u00a0nuevos respecto al mismo periodo de 2024. Mientras\u00a0<strong>Volkswagen obtuvo un crecimiento anual de 12.7 por ciento, Audi enfrent\u00f3 una disminuci\u00f3n de 2.9 por ciento,<\/strong>\u00a0de acuerdo con datos del Instituto Nacional de Estad\u00edstica y Geograf\u00eda (INEGI).<\/p>\n\n\n\n<p>A trav\u00e9s de su&nbsp;<strong>Registro Administrativo de la Industria Automotriz de Veh\u00edculos Ligeros (RAIAVL)<\/strong>, el instituto detall\u00f3 que, en el caso de Volkswagen, el&nbsp;<strong>desempe\u00f1o fue positivo al pasar de 109 mil 862 unidades vendidas&nbsp;<\/strong>entre enero y noviembre de 2024 a&nbsp;<strong>123 mil 842 en el mismo lapso de 2025,<\/strong>&nbsp;lo que represent\u00f3 13 mil 980 veh\u00edculos adicionales.<\/p>\n\n\n\n<p>Con estos resultados,<strong>&nbsp;Volkswagen reafirm\u00f3 su posici\u00f3n como la tercera firma automotriz con mayor n\u00famero de ventas en M\u00e9xico<\/strong>, solo por&nbsp;<strong>debajo de Nissan y General Motors,<\/strong>&nbsp;reflejando la fortaleza de su presencia en el mercado.<\/p>\n\n\n\n<p>Entre sus veh\u00edculos m\u00e1s comercializados destacaron los fabricados en su<strong>&nbsp;planta de Cuautlancingo, como el Jetta, Tiguan y Taos,&nbsp;<\/strong>adem\u00e1s de modelos tradicionales como Golf, Polo, Passat y Teramont.<\/p>\n\n\n\n<p>En el&nbsp;<strong>caso de Audi, su panorama fue menos favorable,&nbsp;<\/strong>pues comercializ\u00f3 247 unidades menos, al pasar de 8 mil 489 a 8 mil 242 veh\u00edculos, lo que evidenci\u00f3 una menor demanda dentro del segmento premium.<\/p>\n\n\n\n<p>Este comportamiento coloc\u00f3 a la&nbsp;<strong>firma en la posici\u00f3n n\u00famero 19 del mercado automotriz nacional,<\/strong>&nbsp;dentro de un listado de 35 marcas activas, situ\u00e1ndose entre las compa\u00f1\u00edas con menor volumen de ventas en el pa\u00eds.<\/p>\n\n\n\n<p>Los&nbsp;<strong>modelos m\u00e1s demandados de Audi incluyeron los A4, A5 Sportback, Q7, la l\u00ednea e-tron y la Q5<\/strong>, esta \u00faltima producida en su planta de San Jos\u00e9 Chiapa, Puebla.<\/p>\n\n\n\n<p>De acuerdo con el INEGI,&nbsp;<strong>estas variaciones reflejan un panorama diferenciado para ambas armadoras<\/strong>, as\u00ed como cambios en las preferencias de consumo que contin\u00faan reconfigurando el mercado automotriz mexicano.<\/p>\n","protected":false},"excerpt":{"rendered":"<p>Los primeros 11 meses de 2025, las\u00a0armadoras Volkswagen y Audi, ambas con operaciones en el estado de Puebla,\u00a0registraron un\u00a0comportamiento contrastante en la venta de veh\u00edculos\u00a0nuevos respecto al mismo periodo de 2024. Mientras\u00a0Volkswagen obtuvo un crecimiento anual de 12.7 por ciento, Audi enfrent\u00f3 una disminuci\u00f3n de 2.9 por ciento,\u00a0de acuerdo con datos del Instituto Nacional de [&hellip;]<\/p>\n","protected":false},"author":1,"featured_media":72627,"comment_status":"open","ping_status":"open","sticky":false,"template":"","format":"standard","meta":{"om_disable_all_campaigns":false,"_monsterinsights_skip_tracking":false,"_monsterinsights_sitenote_active":false,"_monsterinsights_sitenote_note":"","_monsterinsights_sitenote_category":0,"footnotes":""},"categories":[2,5],"tags":[195],"class_list":["post-72626","post","type-post","status-publish","format-standard","has-post-thumbnail","hentry","category-negocios","category-politica","tag-principal"],"amp_enabled":true,"_links":{"self":[{"href":"https:\/\/lahora.mx\/index.php\/wp-json\/wp\/v2\/posts\/72626","targetHints":{"allow":["GET"]}}],"collection":[{"href":"https:\/\/lahora.mx\/index.php\/wp-json\/wp\/v2\/posts"}],"about":[{"href":"https:\/\/lahora.mx\/index.php\/wp-json\/wp\/v2\/types\/post"}],"author":[{"embeddable":true,"href":"https:\/\/lahora.mx\/index.php\/wp-json\/wp\/v2\/users\/1"}],"replies":[{"embeddable":true,"href":"https:\/\/lahora.mx\/index.php\/wp-json\/wp\/v2\/comments?post=72626"}],"version-history":[{"count":1,"href":"https:\/\/lahora.mx\/index.php\/wp-json\/wp\/v2\/posts\/72626\/revisions"}],"predecessor-version":[{"id":72628,"href":"https:\/\/lahora.mx\/index.php\/wp-json\/wp\/v2\/posts\/72626\/revisions\/72628"}],"wp:featuredmedia":[{"embeddable":true,"href":"https:\/\/lahora.mx\/index.php\/wp-json\/wp\/v2\/media\/72627"}],"wp:attachment":[{"href":"https:\/\/lahora.mx\/index.php\/wp-json\/wp\/v2\/media?parent=72626"}],"wp:term":[{"taxonomy":"category","embeddable":true,"href":"https:\/\/lahora.mx\/index.php\/wp-json\/wp\/v2\/categories?post=72626"},{"taxonomy":"post_tag","embeddable":true,"href":"https:\/\/lahora.mx\/index.php\/wp-json\/wp\/v2\/tags?post=72626"}],"curies":[{"name":"wp","href":"https:\/\/api.w.org\/{rel}","templated":true}]}}