{"id":72617,"date":"2025-12-07T20:02:20","date_gmt":"2025-12-07T20:02:20","guid":{"rendered":"https:\/\/lahora.mx\/?p=72617"},"modified":"2025-12-07T21:40:35","modified_gmt":"2025-12-07T21:40:35","slug":"el-18-de-diciembre-concluye-reemplacamiento-de-transporte-publico-en-puebla","status":"publish","type":"post","link":"https:\/\/lahora.mx\/index.php\/2025\/12\/07\/el-18-de-diciembre-concluye-reemplacamiento-de-transporte-publico-en-puebla\/","title":{"rendered":"El 18 de diciembre concluye reemplacamiento de transporte p\u00fablico en Puebla"},"content":{"rendered":"\n<p>El pr\u00f3ximo 18 de diciembre concluye el periodo de reemplacamiento del transporte p\u00fablico en Puebla.<\/p>\n\n\n\n<p>As\u00ed lo dio a conocer la Secretar\u00eda de Movilidad y Transporte, tras advertir que de no realizar el tr\u00e1mite los concesionarios y permisionarios ser\u00e1n sancionados.<\/p>\n\n\n\n<p>Cabe recordar que la titular de la dependencia, Silvia Tan\u00fas Osorio, indic\u00f3 que a partir del primer d\u00eda de febrero de 2026 iniciar\u00e1 el retiro de unidades de transporte p\u00fablico que no cumplieron con la revista vehicular que concluy\u00f3 el pasado 30 de noviembre. <\/p>\n\n\n\n<p>La revista vehicular es parte del tr\u00e1mite para obtener las nuevas placas de circulaci\u00f3n.<\/p>\n","protected":false},"excerpt":{"rendered":"<p>El pr\u00f3ximo 18 de diciembre concluye el periodo de reemplacamiento del transporte p\u00fablico en Puebla. As\u00ed lo dio a conocer la Secretar\u00eda de Movilidad y Transporte, tras advertir que de no realizar el tr\u00e1mite los concesionarios y permisionarios ser\u00e1n sancionados. Cabe recordar que la titular de la dependencia, Silvia Tan\u00fas Osorio, indic\u00f3 que a partir [&hellip;]<\/p>\n","protected":false},"author":1,"featured_media":72619,"comment_status":"open","ping_status":"open","sticky":false,"template":"","format":"standard","meta":{"om_disable_all_campaigns":false,"_monsterinsights_skip_tracking":false,"_monsterinsights_sitenote_active":false,"_monsterinsights_sitenote_note":"","_monsterinsights_sitenote_category":0,"footnotes":""},"categories":[5],"tags":[195,223],"class_list":["post-72617","post","type-post","status-publish","format-standard","has-post-thumbnail","hentry","category-politica","tag-principal","tag-puebla"],"amp_enabled":true,"_links":{"self":[{"href":"https:\/\/lahora.mx\/index.php\/wp-json\/wp\/v2\/posts\/72617","targetHints":{"allow":["GET"]}}],"collection":[{"href":"https:\/\/lahora.mx\/index.php\/wp-json\/wp\/v2\/posts"}],"about":[{"href":"https:\/\/lahora.mx\/index.php\/wp-json\/wp\/v2\/types\/post"}],"author":[{"embeddable":true,"href":"https:\/\/lahora.mx\/index.php\/wp-json\/wp\/v2\/users\/1"}],"replies":[{"embeddable":true,"href":"https:\/\/lahora.mx\/index.php\/wp-json\/wp\/v2\/comments?post=72617"}],"version-history":[{"count":2,"href":"https:\/\/lahora.mx\/index.php\/wp-json\/wp\/v2\/posts\/72617\/revisions"}],"predecessor-version":[{"id":72621,"href":"https:\/\/lahora.mx\/index.php\/wp-json\/wp\/v2\/posts\/72617\/revisions\/72621"}],"wp:featuredmedia":[{"embeddable":true,"href":"https:\/\/lahora.mx\/index.php\/wp-json\/wp\/v2\/media\/72619"}],"wp:attachment":[{"href":"https:\/\/lahora.mx\/index.php\/wp-json\/wp\/v2\/media?parent=72617"}],"wp:term":[{"taxonomy":"category","embeddable":true,"href":"https:\/\/lahora.mx\/index.php\/wp-json\/wp\/v2\/categories?post=72617"},{"taxonomy":"post_tag","embeddable":true,"href":"https:\/\/lahora.mx\/index.php\/wp-json\/wp\/v2\/tags?post=72617"}],"curies":[{"name":"wp","href":"https:\/\/api.w.org\/{rel}","templated":true}]}}