{"id":72614,"date":"2025-12-07T19:20:19","date_gmt":"2025-12-07T19:20:19","guid":{"rendered":"https:\/\/lahora.mx\/?p=72614"},"modified":"2025-12-07T21:19:35","modified_gmt":"2025-12-07T21:19:35","slug":"gobierno-de-puebla-celebra-7-anos-de-logros-de-la-cuarta-transformacion-con-la-presidenta-sheinbaum","status":"publish","type":"post","link":"https:\/\/lahora.mx\/index.php\/2025\/12\/07\/gobierno-de-puebla-celebra-7-anos-de-logros-de-la-cuarta-transformacion-con-la-presidenta-sheinbaum\/","title":{"rendered":"Gobierno de Puebla celebra 7 a\u00f1os de logros de la Cuarta Transformaci\u00f3n con la presidenta Sheinbaum"},"content":{"rendered":"\n<p>La presidenta de M\u00e9xico, Claudia Sheinbaum, acompa\u00f1ada de integrantes del Gabinete, as\u00ed como de gobernadores de los estados, en una ceremonia p\u00fablica que congreg\u00f3 a 600 mil personas en el z\u00f3calo capitalino, celebr\u00f3 el s\u00e9ptimo aniversario de la Cuarta Transformaci\u00f3n, enlistado logros en soberan\u00eda energ\u00e9tica, estabilidad econ\u00f3mica, empleo, erradicaci\u00f3n de la pobreza, entre otros.<\/p>\n\n\n\n<p>El Gobernador de Puebla, Alejandro Armenta, asisti\u00f3 a esta magna celebraci\u00f3n del pueblo de M\u00e9xico por los 7 a\u00f1os del inicio de la Cuarta Transformaci\u00f3n de nuestro pa\u00eds, el 1 de diciembre del 2018 con la toma de protesta de Andr\u00e9s Manuel L\u00f3pez Obrador, como presidente de M\u00e9xico.<br>El gobernador de Puebla apoya de manera total la Cuarta Transformaci\u00f3n de la vida p\u00fablica de M\u00e9xico y la implementa en el estado de Puebla, a trav\u00e9s del modelo de Bio\u00e9tica Social y Humanismo Mexicano, que se basa en la Seguridad, Justicia y Riqueza Comunitaria.<\/p>\n\n\n\n<p>Este modelo es el fundamento de cada acci\u00f3n y programa de gobierno en Puebla para lograr el bienestar pleno de las y los poblanos, en un marco de participaci\u00f3n comunitaria, uso eficiente de los recursos y pol\u00edticas p\u00fablicas de erradicaci\u00f3n de deudas onerosas, como el saqueo del Museo Barroco.<\/p>\n\n\n\n<p>En su mensaje al pueblo de M\u00e9xico, la presidenta, resalt\u00f3 que la Cuarta Transformaci\u00f3n naci\u00f3 como una ruptura con el \u201cviejo r\u00e9gimen\u201d: \u201cSe trata de construir o seguir construyendo una nueva \u00e9tica desde el poder, donde el servidor p\u00fablico entienda que no est\u00e1 nunca por encima del pueblo, sino a al servicio del pueblo; que gobernar no es para tener privilegios, sino es una responsabilidad profundamente humana\u201d.<\/p>\n\n\n\n<p>Asimismo, la presidenta Claudia Sheinbaum, subray\u00f3 que la Cuarta Transformaci\u00f3n es humanista y que es econ\u00f3mica y social, \u00e9tica y moral. \u201cPara que perdure, debe nacer desde el car\u00e1cter, la honestidad y la convicci\u00f3n de quienes han sido llamados a conducirla\u201d.<\/p>\n\n\n\n<p>En su mensaje, la presidenta Sheinbaum record\u00f3 que la paz, la libertad y la democracia son valores de la Cuarta Transformaci\u00f3n.<\/p>\n","protected":false},"excerpt":{"rendered":"<p>La presidenta de M\u00e9xico, Claudia Sheinbaum, acompa\u00f1ada de integrantes del Gabinete, as\u00ed como de gobernadores de los estados, en una ceremonia p\u00fablica que congreg\u00f3 a 600 mil personas en el z\u00f3calo capitalino, celebr\u00f3 el s\u00e9ptimo aniversario de la Cuarta Transformaci\u00f3n, enlistado logros en soberan\u00eda energ\u00e9tica, estabilidad econ\u00f3mica, empleo, erradicaci\u00f3n de la pobreza, entre otros. El [&hellip;]<\/p>\n","protected":false},"author":1,"featured_media":72615,"comment_status":"open","ping_status":"open","sticky":false,"template":"","format":"standard","meta":{"om_disable_all_campaigns":false,"_monsterinsights_skip_tracking":false,"_monsterinsights_sitenote_active":false,"_monsterinsights_sitenote_note":"","_monsterinsights_sitenote_category":0,"footnotes":""},"categories":[175],"tags":[223],"class_list":["post-72614","post","type-post","status-publish","format-standard","has-post-thumbnail","hentry","category-local","tag-puebla"],"amp_enabled":true,"_links":{"self":[{"href":"https:\/\/lahora.mx\/index.php\/wp-json\/wp\/v2\/posts\/72614","targetHints":{"allow":["GET"]}}],"collection":[{"href":"https:\/\/lahora.mx\/index.php\/wp-json\/wp\/v2\/posts"}],"about":[{"href":"https:\/\/lahora.mx\/index.php\/wp-json\/wp\/v2\/types\/post"}],"author":[{"embeddable":true,"href":"https:\/\/lahora.mx\/index.php\/wp-json\/wp\/v2\/users\/1"}],"replies":[{"embeddable":true,"href":"https:\/\/lahora.mx\/index.php\/wp-json\/wp\/v2\/comments?post=72614"}],"version-history":[{"count":1,"href":"https:\/\/lahora.mx\/index.php\/wp-json\/wp\/v2\/posts\/72614\/revisions"}],"predecessor-version":[{"id":72616,"href":"https:\/\/lahora.mx\/index.php\/wp-json\/wp\/v2\/posts\/72614\/revisions\/72616"}],"wp:featuredmedia":[{"embeddable":true,"href":"https:\/\/lahora.mx\/index.php\/wp-json\/wp\/v2\/media\/72615"}],"wp:attachment":[{"href":"https:\/\/lahora.mx\/index.php\/wp-json\/wp\/v2\/media?parent=72614"}],"wp:term":[{"taxonomy":"category","embeddable":true,"href":"https:\/\/lahora.mx\/index.php\/wp-json\/wp\/v2\/categories?post=72614"},{"taxonomy":"post_tag","embeddable":true,"href":"https:\/\/lahora.mx\/index.php\/wp-json\/wp\/v2\/tags?post=72614"}],"curies":[{"name":"wp","href":"https:\/\/api.w.org\/{rel}","templated":true}]}}