{"id":72611,"date":"2025-12-07T15:18:28","date_gmt":"2025-12-07T15:18:28","guid":{"rendered":"https:\/\/lahora.mx\/?p=72611"},"modified":"2025-12-07T15:18:29","modified_gmt":"2025-12-07T15:18:29","slug":"ejecutan-a-un-hombre-en-bosques-de-manzanilla-en-puebla","status":"publish","type":"post","link":"https:\/\/lahora.mx\/index.php\/2025\/12\/07\/ejecutan-a-un-hombre-en-bosques-de-manzanilla-en-puebla\/","title":{"rendered":"Ejecutan a un hombre en Bosques de Manzanilla en Puebla"},"content":{"rendered":"\n<p>Un hombre perdi\u00f3 la vida al ser atacado a balazos por sujetos desconocidos en un presunto ataque directo en Galaxia Bosques De Manzanilla de Puebla capital<\/p>\n\n\n\n<p>Los hechos ocurrieron la madrugada de este domingo en el Camino a La Resurrecci\u00f3n.<\/p>\n\n\n\n<p>La zona a\u00fan permanece acordonada por elementos de la polic\u00eda municipal, en espera de elementos de la Fiscal\u00eda General del Estado, para realizar las diligencias correspondientes e iniciar con las investigaciones sobre este homicidio.<\/p>\n\n\n\n<p>Hasta este momento se desconoce la identidad de la v\u00edctima y el paradero de los presuntos responsables.<\/p>\n","protected":false},"excerpt":{"rendered":"<p>Un hombre perdi\u00f3 la vida al ser atacado a balazos por sujetos desconocidos en un presunto ataque directo en Galaxia Bosques De Manzanilla de Puebla capital Los hechos ocurrieron la madrugada de este domingo en el Camino a La Resurrecci\u00f3n. La zona a\u00fan permanece acordonada por elementos de la polic\u00eda municipal, en espera de elementos [&hellip;]<\/p>\n","protected":false},"author":1,"featured_media":72612,"comment_status":"open","ping_status":"open","sticky":false,"template":"","format":"standard","meta":{"om_disable_all_campaigns":false,"_monsterinsights_skip_tracking":false,"_monsterinsights_sitenote_active":false,"_monsterinsights_sitenote_note":"","_monsterinsights_sitenote_category":0,"footnotes":""},"categories":[175,226],"tags":[],"class_list":["post-72611","post","type-post","status-publish","format-standard","has-post-thumbnail","hentry","category-local","category-policia"],"amp_enabled":true,"_links":{"self":[{"href":"https:\/\/lahora.mx\/index.php\/wp-json\/wp\/v2\/posts\/72611","targetHints":{"allow":["GET"]}}],"collection":[{"href":"https:\/\/lahora.mx\/index.php\/wp-json\/wp\/v2\/posts"}],"about":[{"href":"https:\/\/lahora.mx\/index.php\/wp-json\/wp\/v2\/types\/post"}],"author":[{"embeddable":true,"href":"https:\/\/lahora.mx\/index.php\/wp-json\/wp\/v2\/users\/1"}],"replies":[{"embeddable":true,"href":"https:\/\/lahora.mx\/index.php\/wp-json\/wp\/v2\/comments?post=72611"}],"version-history":[{"count":1,"href":"https:\/\/lahora.mx\/index.php\/wp-json\/wp\/v2\/posts\/72611\/revisions"}],"predecessor-version":[{"id":72613,"href":"https:\/\/lahora.mx\/index.php\/wp-json\/wp\/v2\/posts\/72611\/revisions\/72613"}],"wp:featuredmedia":[{"embeddable":true,"href":"https:\/\/lahora.mx\/index.php\/wp-json\/wp\/v2\/media\/72612"}],"wp:attachment":[{"href":"https:\/\/lahora.mx\/index.php\/wp-json\/wp\/v2\/media?parent=72611"}],"wp:term":[{"taxonomy":"category","embeddable":true,"href":"https:\/\/lahora.mx\/index.php\/wp-json\/wp\/v2\/categories?post=72611"},{"taxonomy":"post_tag","embeddable":true,"href":"https:\/\/lahora.mx\/index.php\/wp-json\/wp\/v2\/tags?post=72611"}],"curies":[{"name":"wp","href":"https:\/\/api.w.org\/{rel}","templated":true}]}}