{"id":72608,"date":"2025-12-07T15:09:04","date_gmt":"2025-12-07T15:09:04","guid":{"rendered":"https:\/\/lahora.mx\/?p=72608"},"modified":"2025-12-07T21:43:28","modified_gmt":"2025-12-07T21:43:28","slug":"centro-vacacional-imss-1metepec-alista-la-navidad-de-altura-2025","status":"publish","type":"post","link":"https:\/\/lahora.mx\/index.php\/2025\/12\/07\/centro-vacacional-imss-1metepec-alista-la-navidad-de-altura-2025\/","title":{"rendered":"Centro Vacacional IMSS Metepec alista la Navidad de Altura 2025"},"content":{"rendered":"\n<p>El Centro Vacacional Metepec (CVAM) anunci\u00f3 que este pr\u00f3ximo 9 de diciembre dar\u00e1 inicio la edici\u00f3n especial de su evento \u201cNavidad de Altura\u201d, una jornada tem\u00e1tica que busca ofrecer a familias locales y turistas una experiencia inmersiva en la temporada decembrina.<\/p>\n\n\n\n<p>De acuerdo con los organizadores, la celebraci\u00f3n contar\u00e1 con sorpresas, espect\u00e1culos y actividades recreativas dise\u00f1adas para todas las edades, adem\u00e1s de espacios ambientados con iluminaci\u00f3n navide\u00f1a, \u00e1reas para fotograf\u00edas y presentaciones art\u00edsticas.<br>El acceso ser\u00e1 totalmente gratuito con el prop\u00f3sito de incentivar la participaci\u00f3n familiar en uno de los centros recreativos m\u00e1s emblem\u00e1ticos de la regi\u00f3n.<\/p>\n\n\n\n<p>El CVAM, administrado por el Instituto Mexicano del Seguro Social (IMSS) y ubicado a pocos minutos de la cabecera local, es reconocido por su oferta de actividades al aire libre, amplias \u00e1reas verdes y hospedaje.<\/p>\n\n\n\n<p>Para la temporada invernal el complejo se prepara con un programa especial que pretende atraer a miles de visitantes durante las vacaciones de invierno, una de las \u00e9pocas de mayor afluencia.<\/p>\n\n\n\n<p>La llamada \u201cNavidad de Altura\u201d forma parte de la serie de eventos que Metepec organiza a\u00f1o con a\u00f1o integrando din\u00e1micas como pastorelas, encendido de \u00e1rbol, shows infantiles y zonas de convivencia con Santa Claus, aunque los detalles espec\u00edficos ser\u00e1n revelados en los pr\u00f3ximos d\u00edas.<\/p>\n\n\n\n<p>Las autoridades tur\u00edsticas esperan que esta actividad contribuya al fortalecimiento del sector servicios en la regi\u00f3n y al cierre de un 2025 positivo en materia de turismo familiar.<\/p>\n","protected":false},"excerpt":{"rendered":"<p>El Centro Vacacional Metepec (CVAM) anunci\u00f3 que este pr\u00f3ximo 9 de diciembre dar\u00e1 inicio la edici\u00f3n especial de su evento \u201cNavidad de Altura\u201d, una jornada tem\u00e1tica que busca ofrecer a familias locales y turistas una experiencia inmersiva en la temporada decembrina. De acuerdo con los organizadores, la celebraci\u00f3n contar\u00e1 con sorpresas, espect\u00e1culos y actividades recreativas [&hellip;]<\/p>\n","protected":false},"author":1,"featured_media":72609,"comment_status":"open","ping_status":"open","sticky":false,"template":"","format":"standard","meta":{"om_disable_all_campaigns":false,"_monsterinsights_skip_tracking":false,"_monsterinsights_sitenote_active":false,"_monsterinsights_sitenote_note":"","_monsterinsights_sitenote_category":0,"footnotes":""},"categories":[5],"tags":[],"class_list":["post-72608","post","type-post","status-publish","format-standard","has-post-thumbnail","hentry","category-politica"],"amp_enabled":true,"_links":{"self":[{"href":"https:\/\/lahora.mx\/index.php\/wp-json\/wp\/v2\/posts\/72608","targetHints":{"allow":["GET"]}}],"collection":[{"href":"https:\/\/lahora.mx\/index.php\/wp-json\/wp\/v2\/posts"}],"about":[{"href":"https:\/\/lahora.mx\/index.php\/wp-json\/wp\/v2\/types\/post"}],"author":[{"embeddable":true,"href":"https:\/\/lahora.mx\/index.php\/wp-json\/wp\/v2\/users\/1"}],"replies":[{"embeddable":true,"href":"https:\/\/lahora.mx\/index.php\/wp-json\/wp\/v2\/comments?post=72608"}],"version-history":[{"count":2,"href":"https:\/\/lahora.mx\/index.php\/wp-json\/wp\/v2\/posts\/72608\/revisions"}],"predecessor-version":[{"id":72629,"href":"https:\/\/lahora.mx\/index.php\/wp-json\/wp\/v2\/posts\/72608\/revisions\/72629"}],"wp:featuredmedia":[{"embeddable":true,"href":"https:\/\/lahora.mx\/index.php\/wp-json\/wp\/v2\/media\/72609"}],"wp:attachment":[{"href":"https:\/\/lahora.mx\/index.php\/wp-json\/wp\/v2\/media?parent=72608"}],"wp:term":[{"taxonomy":"category","embeddable":true,"href":"https:\/\/lahora.mx\/index.php\/wp-json\/wp\/v2\/categories?post=72608"},{"taxonomy":"post_tag","embeddable":true,"href":"https:\/\/lahora.mx\/index.php\/wp-json\/wp\/v2\/tags?post=72608"}],"curies":[{"name":"wp","href":"https:\/\/api.w.org\/{rel}","templated":true}]}}