{"id":72599,"date":"2025-12-07T15:03:44","date_gmt":"2025-12-07T15:03:44","guid":{"rendered":"https:\/\/lahora.mx\/?p=72599"},"modified":"2025-12-07T15:03:45","modified_gmt":"2025-12-07T15:03:45","slug":"reitera-sep-apertura-al-dialogo-con-estudiantes-de-la-escuela-normal-carmen-serdan","status":"publish","type":"post","link":"https:\/\/lahora.mx\/index.php\/2025\/12\/07\/reitera-sep-apertura-al-dialogo-con-estudiantes-de-la-escuela-normal-carmen-serdan\/","title":{"rendered":"Reitera SEP apertura al di\u00e1logo con estudiantes de la Escuela Normal Carmen Serd\u00e1n"},"content":{"rendered":"\n<p>El Gobierno del Estado a trav\u00e9s de la Secretar\u00eda de Educaci\u00f3n P\u00fablica reitera que mantiene apertura al di\u00e1logo respetuoso y permanente con las estudiantes de la Escuela Normal \u201cCarmen Serd\u00e1n\u201d, ubicada en el municipio de Teteles de \u00c1vila Castillo. Con base en los acuerdos se\u00f1alados en la \u00faltima mesa de trabajo, se reunir\u00e1 personal de la dependencia y alumnas el pr\u00f3ximo mi\u00e9rcoles 10 de diciembre del a\u00f1o en curso.<\/p>\n\n\n\n<p>En cuanto a las solicitudes del pliego petitorio, hasta el momento se han cumplido con base en la minuta de trabajo. Es importante se\u00f1alar que el Gobierno del Estado de Puebla garantiza en todo momento el derecho a la educaci\u00f3n y respeto al consejo estudiantil.<br>Las alumnas que forman parte de esta organizaci\u00f3n son escuchadas de manera permanente por personal de la Secretar\u00eda de las \u00e1reas: administrativa, jur\u00eddica y de la Subsecretar\u00eda de Educaci\u00f3n Superior, con el objetivo de mantener comunicaci\u00f3n que permita avanzar en sus peticiones y buscar soluciones adecuadas.<\/p>\n\n\n\n<p>La administraci\u00f3n estatal refrenda su compromiso con la comunidad educativa para atender sus necesidades, siempre con respeto a las garant\u00edas individuales y el derecho a la libre expresi\u00f3n.<\/p>\n","protected":false},"excerpt":{"rendered":"<p>El Gobierno del Estado a trav\u00e9s de la Secretar\u00eda de Educaci\u00f3n P\u00fablica reitera que mantiene apertura al di\u00e1logo respetuoso y permanente con las estudiantes de la Escuela Normal \u201cCarmen Serd\u00e1n\u201d, ubicada en el municipio de Teteles de \u00c1vila Castillo. Con base en los acuerdos se\u00f1alados en la \u00faltima mesa de trabajo, se reunir\u00e1 personal de [&hellip;]<\/p>\n","protected":false},"author":1,"featured_media":72600,"comment_status":"open","ping_status":"open","sticky":false,"template":"","format":"standard","meta":{"om_disable_all_campaigns":false,"_monsterinsights_skip_tracking":false,"_monsterinsights_sitenote_active":false,"_monsterinsights_sitenote_note":"","_monsterinsights_sitenote_category":0,"footnotes":""},"categories":[175],"tags":[],"class_list":["post-72599","post","type-post","status-publish","format-standard","has-post-thumbnail","hentry","category-local"],"amp_enabled":true,"_links":{"self":[{"href":"https:\/\/lahora.mx\/index.php\/wp-json\/wp\/v2\/posts\/72599","targetHints":{"allow":["GET"]}}],"collection":[{"href":"https:\/\/lahora.mx\/index.php\/wp-json\/wp\/v2\/posts"}],"about":[{"href":"https:\/\/lahora.mx\/index.php\/wp-json\/wp\/v2\/types\/post"}],"author":[{"embeddable":true,"href":"https:\/\/lahora.mx\/index.php\/wp-json\/wp\/v2\/users\/1"}],"replies":[{"embeddable":true,"href":"https:\/\/lahora.mx\/index.php\/wp-json\/wp\/v2\/comments?post=72599"}],"version-history":[{"count":1,"href":"https:\/\/lahora.mx\/index.php\/wp-json\/wp\/v2\/posts\/72599\/revisions"}],"predecessor-version":[{"id":72601,"href":"https:\/\/lahora.mx\/index.php\/wp-json\/wp\/v2\/posts\/72599\/revisions\/72601"}],"wp:featuredmedia":[{"embeddable":true,"href":"https:\/\/lahora.mx\/index.php\/wp-json\/wp\/v2\/media\/72600"}],"wp:attachment":[{"href":"https:\/\/lahora.mx\/index.php\/wp-json\/wp\/v2\/media?parent=72599"}],"wp:term":[{"taxonomy":"category","embeddable":true,"href":"https:\/\/lahora.mx\/index.php\/wp-json\/wp\/v2\/categories?post=72599"},{"taxonomy":"post_tag","embeddable":true,"href":"https:\/\/lahora.mx\/index.php\/wp-json\/wp\/v2\/tags?post=72599"}],"curies":[{"name":"wp","href":"https:\/\/api.w.org\/{rel}","templated":true}]}}