{"id":72595,"date":"2025-12-07T00:24:41","date_gmt":"2025-12-07T00:24:41","guid":{"rendered":"https:\/\/lahora.mx\/?p=72595"},"modified":"2025-12-07T00:24:42","modified_gmt":"2025-12-07T00:24:42","slug":"explota-coche-bomba-en-coahuayana-michoacan","status":"publish","type":"post","link":"https:\/\/lahora.mx\/index.php\/2025\/12\/07\/explota-coche-bomba-en-coahuayana-michoacan\/","title":{"rendered":"Explota coche bomba en Coahuayana, Michoac\u00e1n"},"content":{"rendered":"\n<p>En Coahuayana,<a href=\"https:\/\/www.excelsior.com.mx\/michoacan\" target=\"_blank\" rel=\"noreferrer noopener\"><strong>&nbsp;Michoac\u00e1n<\/strong><\/a>, estall\u00f3 un coche bomba, afuera de las instalaciones de la Base de la Polic\u00eda Comunitaria, seg\u00fan primeros informes un grupo de hombres encapuchados abandonaron la unidad automotriz e instantes despu\u00e9s explot\u00f3.<\/p>\n\n\n\n<p>Como saldo preliminar, se indica sobre una persona muerta y al menos 10 lesionados, versiones de testigos indicaron que el estruendo se escuch\u00f3 a varios metros a la redonda originando temor entre la poblaci\u00f3n que corri\u00f3 de la zona para refugiarse.<\/p>\n\n\n\n<p>Al sitio se trasladaron elementos de diferentes corporaciones policiales para tratar de auxiliar a los lesionados los cuales fueron trasladados a diferentes hospitales.<\/p>\n\n\n\n<p>La Secretar\u00eda de Seguridad P\u00fablica Estatal, confirm\u00f3 a trav\u00e9s de sus redes sociales que el ataque fue directo contra la polic\u00eda Comunitaria de Coahuayana.<\/p>\n\n\n\n<p>El ataque fue con explosivos contra el cuartel de la Polic\u00eda Comunitaria, confirmaron fuentes de la&nbsp;<strong>Guardia Civil.<\/strong><\/p>\n\n\n\n<p>El atentado fue poco antes del mediod\u00eda, en las afueras de la cabecera municipal, donde opera la corporaci\u00f3n policial.<\/p>\n\n\n\n<p>Las primeras versiones confirmadas hablan de un ataque con explosivos lanzados desde drones, \u201cEn un ataque directo a la polic\u00eda Comunitaria de Coahuayana se registr\u00f3 la explosi\u00f3n de un artefacto, que preliminarmente dej\u00f3 una persona fallecida y 10 lesionadas\u201d, inform\u00f3, a trav\u00e9s de redes sociales, la Secretar\u00eda de Seguridad P\u00fablica estatal.<\/p>\n\n\n\n<p>Habitantes de aquel poblado ubicado en la Costa michoacana, tambi\u00e9n reportaron da\u00f1os graves en al menos cinco viviendas y afectaciones al Hospital Comunitario.<\/p>\n\n\n\n<p>Coahuayana es un municipio que limita con Tecom\u00e1n, Colima. Desde hace por lo menos 5 a\u00f1os un grupo criminal local se disputa el control territorial con el C\u00e1rtel Jalisco Nueva Generaci\u00f3n.<\/p>\n\n\n\n<p>Esa regi\u00f3n costera de Michoac\u00e1n, que incluye al municipio de Aquila, tambi\u00e9n se caracteriza por enfrentamientos constantes entre los dos grupos antag\u00f3nicos, para la explotaci\u00f3n ilegal de minas.<\/p>\n","protected":false},"excerpt":{"rendered":"<p>En Coahuayana,&nbsp;Michoac\u00e1n, estall\u00f3 un coche bomba, afuera de las instalaciones de la Base de la Polic\u00eda Comunitaria, seg\u00fan primeros informes un grupo de hombres encapuchados abandonaron la unidad automotriz e instantes despu\u00e9s explot\u00f3. Como saldo preliminar, se indica sobre una persona muerta y al menos 10 lesionados, versiones de testigos indicaron que el estruendo se [&hellip;]<\/p>\n","protected":false},"author":1,"featured_media":72596,"comment_status":"open","ping_status":"open","sticky":false,"template":"","format":"standard","meta":{"om_disable_all_campaigns":false,"_monsterinsights_skip_tracking":false,"_monsterinsights_sitenote_active":false,"_monsterinsights_sitenote_note":"","_monsterinsights_sitenote_category":0,"footnotes":""},"categories":[176],"tags":[282],"class_list":["post-72595","post","type-post","status-publish","format-standard","has-post-thumbnail","hentry","category-nacional","tag-seguridad"],"amp_enabled":true,"_links":{"self":[{"href":"https:\/\/lahora.mx\/index.php\/wp-json\/wp\/v2\/posts\/72595","targetHints":{"allow":["GET"]}}],"collection":[{"href":"https:\/\/lahora.mx\/index.php\/wp-json\/wp\/v2\/posts"}],"about":[{"href":"https:\/\/lahora.mx\/index.php\/wp-json\/wp\/v2\/types\/post"}],"author":[{"embeddable":true,"href":"https:\/\/lahora.mx\/index.php\/wp-json\/wp\/v2\/users\/1"}],"replies":[{"embeddable":true,"href":"https:\/\/lahora.mx\/index.php\/wp-json\/wp\/v2\/comments?post=72595"}],"version-history":[{"count":1,"href":"https:\/\/lahora.mx\/index.php\/wp-json\/wp\/v2\/posts\/72595\/revisions"}],"predecessor-version":[{"id":72597,"href":"https:\/\/lahora.mx\/index.php\/wp-json\/wp\/v2\/posts\/72595\/revisions\/72597"}],"wp:featuredmedia":[{"embeddable":true,"href":"https:\/\/lahora.mx\/index.php\/wp-json\/wp\/v2\/media\/72596"}],"wp:attachment":[{"href":"https:\/\/lahora.mx\/index.php\/wp-json\/wp\/v2\/media?parent=72595"}],"wp:term":[{"taxonomy":"category","embeddable":true,"href":"https:\/\/lahora.mx\/index.php\/wp-json\/wp\/v2\/categories?post=72595"},{"taxonomy":"post_tag","embeddable":true,"href":"https:\/\/lahora.mx\/index.php\/wp-json\/wp\/v2\/tags?post=72595"}],"curies":[{"name":"wp","href":"https:\/\/api.w.org\/{rel}","templated":true}]}}