{"id":72592,"date":"2025-12-07T00:18:27","date_gmt":"2025-12-07T00:18:27","guid":{"rendered":"https:\/\/lahora.mx\/?p=72592"},"modified":"2025-12-07T00:18:28","modified_gmt":"2025-12-07T00:18:28","slug":"messi-y-el-inter-miami-son-campeones-de-la-mls-por-primera-vez","status":"publish","type":"post","link":"https:\/\/lahora.mx\/index.php\/2025\/12\/07\/messi-y-el-inter-miami-son-campeones-de-la-mls-por-primera-vez\/","title":{"rendered":"\u00a1Messi y el Inter Miami son campeones de la MLS por primera vez!"},"content":{"rendered":"\n<p><strong>Inter Miami<\/strong>&nbsp;derrot\u00f3&nbsp;<strong>3-1 a Vancouver Whitecaps<\/strong>&nbsp;y se consagr\u00f3&nbsp;<strong>campe\u00f3n de la MLS<\/strong>&nbsp;por primera vez en su historia,&nbsp;<a href=\"https:\/\/www.excelsior.com.mx\/adrenalina\/cuantos-titulos-gano-lionel-messi-en-su-carrera\/1604211\" target=\"_blank\" rel=\"noreferrer noopener\">t\u00edtulo que representa el 48 en la carrera de Lionel Messi<\/a>&nbsp;y el \u00faltimo para Jordi Alba y Sergio Busquets, quienes se retiran del futbol tras este compromiso.<\/p>\n\n\n\n<p>En el que represent\u00f3 el&nbsp;<strong>\u00faltimo partido<\/strong>&nbsp;<strong>como profesional<\/strong>&nbsp;para&nbsp;<strong>Jordi Alba y Sergio Busquets<\/strong>, \u2018Las Garzas\u2019 buscaban hacer pesar el&nbsp;<strong>Chase Stadium<\/strong>&nbsp;ante Thomas M\u00fcller y compa\u00f1\u00eda, quienes intentaban evitar el primer t\u00edtulo de la MLS Cup para Lionel Messi y compa\u00f1\u00eda.<\/p>\n\n\n\n<p>Apenas en el\u00a0<strong>minuto 8<\/strong>\u00a0del compromiso, Messi se quit\u00f3 la marca de tres rivales y cedi\u00f3 para que el bal\u00f3n terminara en los pies de\u00a0<strong>Tadeo Allende<\/strong>, quien gan\u00f3 por velocidad y envi\u00f3 un centro al \u2018<em>coraz\u00f3n del \u00e1rea<\/em>\u2019, sin embargo,\u00a0<strong>\u00c9dier Ocampo<\/strong>\u00a0no logr\u00f3 rechazar de manera correcta y termin\u00f3 enviando el\u00a0<strong>bal\u00f3n al fondo de su propia porter\u00eda<\/strong>.<\/p>\n\n\n\n<p>Siendo\u00a0<strong>m\u00e1s prevenidos<\/strong>, el resto de la primera parte atestiguaba a 22 hombres cortar los avances y marcharse con la ventaja para los\u00a0<strong>comandados por Javier Mascherano<\/strong>, quien manten\u00eda a\u00a0<strong>Luis Su\u00e1rez<\/strong>\u00a0en el banco de suplentes<\/p>\n\n\n\n<p>La historia ser\u00eda distinta para el complemento y, a pesar de que Inter Miami fue quien modific\u00f3 primero,\u00a0<strong>Ali Ahmed apareci\u00f3 completamente solo<\/strong>\u00a0por la banda de la izquierda y con un \u2018<em><strong>zurdazo<\/strong><\/em>\u2019 de primera intenci\u00f3n super\u00f3 a defensores y arquero, igualando (<strong>60\u2019<\/strong>) con media hora por delante<\/p>\n\n\n\n<p>Los canadienses se volcaron al frente y pudieron ponerse&nbsp;<strong>en ventaja<\/strong>&nbsp;en el marcador luego de una&nbsp;<strong>jugada que peg\u00f3 tres veces en el poste<\/strong>, solo que \u2018la suerte del campe\u00f3n\u2019 jugaba en favor de Messi y compa\u00f1\u00eda\u2026<\/p>\n\n\n\n<p>Fue justamente el \u2019<em><strong>10<\/strong><\/em>\u2019\u00a0<strong>argentino<\/strong>\u00a0quien aprovech\u00f3 un nuevo error en la salida de la zaga de Vancouver, para recuperar e inmediatamente\u00a0<strong>cederle el esf\u00e9rico a Rodrigo de Paul<\/strong>, quien encar\u00f3 al japon\u00e9s Yohei Takaoka y puso el\u00a0<strong>gol del t\u00edtulo para Inter Miami<\/strong>, dedic\u00e1ndoselo a Tini, quien se encontraba en uno de los palcos del Chase Stadium.<\/p>\n\n\n\n<p>Finalmente, en el\u00a0<strong>tiempo de compensaci\u00f3n<\/strong>\u00a0(90+6&#8242;),\u00a0<strong>Tadeo Allende<\/strong>\u00a0apareci\u00f3 para sellar el t\u00edtulo para Inter Miami, mismo que represent\u00f3\u00a0su\u00a0<strong>primer t\u00edtulo de MLS<\/strong>, consagr\u00e1ndose monarca y calificando a la Campeones Cup 2026, misma que disputar\u00e1 ante el Campe\u00f3n de Campeones 2025-26 de la Liga MX.<\/p>\n\n\n\n<p><\/p>\n","protected":false},"excerpt":{"rendered":"<p>Inter Miami&nbsp;derrot\u00f3&nbsp;3-1 a Vancouver Whitecaps&nbsp;y se consagr\u00f3&nbsp;campe\u00f3n de la MLS&nbsp;por primera vez en su historia,&nbsp;t\u00edtulo que representa el 48 en la carrera de Lionel Messi&nbsp;y el \u00faltimo para Jordi Alba y Sergio Busquets, quienes se retiran del futbol tras este compromiso. En el que represent\u00f3 el&nbsp;\u00faltimo partido&nbsp;como profesional&nbsp;para&nbsp;Jordi Alba y Sergio Busquets, \u2018Las Garzas\u2019 buscaban [&hellip;]<\/p>\n","protected":false},"author":1,"featured_media":72593,"comment_status":"open","ping_status":"open","sticky":false,"template":"","format":"standard","meta":{"om_disable_all_campaigns":false,"_monsterinsights_skip_tracking":false,"_monsterinsights_sitenote_active":false,"_monsterinsights_sitenote_note":"","_monsterinsights_sitenote_category":0,"footnotes":""},"categories":[6],"tags":[261],"class_list":["post-72592","post","type-post","status-publish","format-standard","has-post-thumbnail","hentry","category-sports","tag-deportes"],"amp_enabled":true,"_links":{"self":[{"href":"https:\/\/lahora.mx\/index.php\/wp-json\/wp\/v2\/posts\/72592","targetHints":{"allow":["GET"]}}],"collection":[{"href":"https:\/\/lahora.mx\/index.php\/wp-json\/wp\/v2\/posts"}],"about":[{"href":"https:\/\/lahora.mx\/index.php\/wp-json\/wp\/v2\/types\/post"}],"author":[{"embeddable":true,"href":"https:\/\/lahora.mx\/index.php\/wp-json\/wp\/v2\/users\/1"}],"replies":[{"embeddable":true,"href":"https:\/\/lahora.mx\/index.php\/wp-json\/wp\/v2\/comments?post=72592"}],"version-history":[{"count":1,"href":"https:\/\/lahora.mx\/index.php\/wp-json\/wp\/v2\/posts\/72592\/revisions"}],"predecessor-version":[{"id":72594,"href":"https:\/\/lahora.mx\/index.php\/wp-json\/wp\/v2\/posts\/72592\/revisions\/72594"}],"wp:featuredmedia":[{"embeddable":true,"href":"https:\/\/lahora.mx\/index.php\/wp-json\/wp\/v2\/media\/72593"}],"wp:attachment":[{"href":"https:\/\/lahora.mx\/index.php\/wp-json\/wp\/v2\/media?parent=72592"}],"wp:term":[{"taxonomy":"category","embeddable":true,"href":"https:\/\/lahora.mx\/index.php\/wp-json\/wp\/v2\/categories?post=72592"},{"taxonomy":"post_tag","embeddable":true,"href":"https:\/\/lahora.mx\/index.php\/wp-json\/wp\/v2\/tags?post=72592"}],"curies":[{"name":"wp","href":"https:\/\/api.w.org\/{rel}","templated":true}]}}