{"id":72586,"date":"2025-12-06T21:11:41","date_gmt":"2025-12-06T21:11:41","guid":{"rendered":"https:\/\/lahora.mx\/?p=72586"},"modified":"2025-12-06T21:11:42","modified_gmt":"2025-12-06T21:11:42","slug":"nunca-venceran-al-pueblo-de-mexico-ni-a-su-presidenta-afirma-claudia-sheinbaum","status":"publish","type":"post","link":"https:\/\/lahora.mx\/index.php\/2025\/12\/06\/nunca-venceran-al-pueblo-de-mexico-ni-a-su-presidenta-afirma-claudia-sheinbaum\/","title":{"rendered":"\u00abNunca vencer\u00e1n al pueblo de M\u00e9xico ni a su Presidenta\u00bb Afirma Claudia Sheinbaum"},"content":{"rendered":"\n<p>Este s\u00e1bado 6 de diciembre del 2025, la<strong>\u00a0presidenta\u00a0<a href=\"https:\/\/www.excelsior.com.mx\/claudia-sheinbaum\" target=\"_blank\" rel=\"noreferrer noopener\">Claudia\u00a0<\/a>Sheinbaum\u00a0<\/strong>convoc\u00f3 a la poblaci\u00f3n al<strong>\u00a0Z\u00f3calo de la Ciudad de M\u00e9xico (CDMX)<\/strong>, para celebrar el aniversario de la Cuarta Transformaci\u00f3n.<\/p>\n\n\n\n<p>Ante un z\u00f3calo abarrotado, la mandataria comenz\u00f3 con la frase\u2026 \u2018Nos gu\u00eda la m\u00e1xima obradorista de que por el bien de todos\u2026.\u2019. Ante ello, la gente respondi\u00f3 al grito de: \u2018primero los pobres\u2019.<\/p>\n\n\n\n<p><strong>No estamos solos. Nunca voy a traicionar y cada segundo de vida est\u00e1 dedicado a la construcci\u00f3n de un M\u00e9xico justo, independiente y soberano. Somos mexicanos convocando a consolidar el renacimiento de M\u00e9xico y a no perder, sino al contrario a avivar m\u00e1s la llama de la esperanza\u201d, se\u00f1al\u00f3.<\/strong><\/p>\n\n\n\n<p>La presidenta&nbsp;<a href=\"https:\/\/www.eluniversal.com.mx\/nacion\/mundial-2026-por-primera-vez-sheinbaum-trump-y-carney-juntos-mandatarios-coinciden-en-mismo-escenario-durante-el-sorteo-de-la-fifa\/\" target=\"_blank\" rel=\"noreferrer noopener\"><strong>Claudia Sheinbaum<\/strong><\/a>&nbsp;advirti\u00f3 que por m\u00e1s campa\u00f1as sucias y compra de bots, as\u00ed como de alianzas en M\u00e9xico y extranjero, \u00abno vencer\u00e1n al pueblo de&nbsp;<strong>M\u00e9xico&nbsp;<\/strong>y a su&nbsp;<strong>Presidenta<\/strong>\u00ab.<\/p>\n\n\n\n<p>Ante m\u00e1s de&nbsp;<strong>600 mil personas<\/strong>&nbsp;reunidas en el&nbsp;<a href=\"https:\/\/www.eluniversal.com.mx\/nacion\/\" target=\"_blank\" rel=\"noreferrer noopener\"><strong>Z\u00f3calo de la Ciudad de M\u00e9xico<\/strong><\/a>&nbsp;y calles aleda\u00f1as para celebrar \u201c7 A\u00f1os de Transformaci\u00f3n\u201d, la jefa del Ejecutivo federal se\u00f1al\u00f3 que M\u00e9xico ya cambi\u00f3 y no regresar\u00e1 al r\u00e9gimen de los&nbsp;<strong>privilegios<\/strong>.<\/p>\n\n\n\n<p>Acompa\u00f1ada por integrantes de su gabinete legal y ampliado, as\u00ed como gobernadores y gobernadoras, legisladores, y lideres de&nbsp;<a href=\"https:\/\/www.eluniversal.com.mx\/nacion\/los-siete-anos-de-morena-dejan-pocos-aspectos-rescatables-dante-delgado-senala-alto-porcentaje-de-acciones-regresivas\/\" target=\"_blank\" rel=\"noreferrer noopener\"><strong>Morena<\/strong><\/a>, PT y Partido Verde, la Mandataria federal afirm\u00f3 que la mayor\u00eda de los j\u00f3venes mexicanos est\u00e1n con el movimiento de transformaci\u00f3n.<\/p>\n\n\n\n<p>La Mandataria federal afirm\u00f3 que a poco m\u00e1s de un a\u00f1o de administraci\u00f3n, se consolida un<strong>\u00a0gobierno honesto<\/strong>\u00a0y cercano a la gente.<\/p>\n","protected":false},"excerpt":{"rendered":"<p>Este s\u00e1bado 6 de diciembre del 2025, la\u00a0presidenta\u00a0Claudia\u00a0Sheinbaum\u00a0convoc\u00f3 a la poblaci\u00f3n al\u00a0Z\u00f3calo de la Ciudad de M\u00e9xico (CDMX), para celebrar el aniversario de la Cuarta Transformaci\u00f3n. Ante un z\u00f3calo abarrotado, la mandataria comenz\u00f3 con la frase\u2026 \u2018Nos gu\u00eda la m\u00e1xima obradorista de que por el bien de todos\u2026.\u2019. Ante ello, la gente respondi\u00f3 al grito [&hellip;]<\/p>\n","protected":false},"author":1,"featured_media":72587,"comment_status":"open","ping_status":"open","sticky":false,"template":"","format":"standard","meta":{"om_disable_all_campaigns":false,"_monsterinsights_skip_tracking":false,"_monsterinsights_sitenote_active":false,"_monsterinsights_sitenote_note":"","_monsterinsights_sitenote_category":0,"footnotes":""},"categories":[176],"tags":[195],"class_list":["post-72586","post","type-post","status-publish","format-standard","has-post-thumbnail","hentry","category-nacional","tag-principal"],"amp_enabled":true,"_links":{"self":[{"href":"https:\/\/lahora.mx\/index.php\/wp-json\/wp\/v2\/posts\/72586","targetHints":{"allow":["GET"]}}],"collection":[{"href":"https:\/\/lahora.mx\/index.php\/wp-json\/wp\/v2\/posts"}],"about":[{"href":"https:\/\/lahora.mx\/index.php\/wp-json\/wp\/v2\/types\/post"}],"author":[{"embeddable":true,"href":"https:\/\/lahora.mx\/index.php\/wp-json\/wp\/v2\/users\/1"}],"replies":[{"embeddable":true,"href":"https:\/\/lahora.mx\/index.php\/wp-json\/wp\/v2\/comments?post=72586"}],"version-history":[{"count":1,"href":"https:\/\/lahora.mx\/index.php\/wp-json\/wp\/v2\/posts\/72586\/revisions"}],"predecessor-version":[{"id":72588,"href":"https:\/\/lahora.mx\/index.php\/wp-json\/wp\/v2\/posts\/72586\/revisions\/72588"}],"wp:featuredmedia":[{"embeddable":true,"href":"https:\/\/lahora.mx\/index.php\/wp-json\/wp\/v2\/media\/72587"}],"wp:attachment":[{"href":"https:\/\/lahora.mx\/index.php\/wp-json\/wp\/v2\/media?parent=72586"}],"wp:term":[{"taxonomy":"category","embeddable":true,"href":"https:\/\/lahora.mx\/index.php\/wp-json\/wp\/v2\/categories?post=72586"},{"taxonomy":"post_tag","embeddable":true,"href":"https:\/\/lahora.mx\/index.php\/wp-json\/wp\/v2\/tags?post=72586"}],"curies":[{"name":"wp","href":"https:\/\/api.w.org\/{rel}","templated":true}]}}