{"id":72572,"date":"2025-12-06T05:45:23","date_gmt":"2025-12-06T05:45:23","guid":{"rendered":"https:\/\/lahora.mx\/?p=72572"},"modified":"2025-12-06T05:45:24","modified_gmt":"2025-12-06T05:45:24","slug":"puebla-capital-es-el-municipio-con-mayor-transparencia-financiera-del-pais-aregional","status":"publish","type":"post","link":"https:\/\/lahora.mx\/index.php\/2025\/12\/06\/puebla-capital-es-el-municipio-con-mayor-transparencia-financiera-del-pais-aregional\/","title":{"rendered":"Puebla capital es el municipio con mayor transparencia financiera del pa\u00eds: Aregional"},"content":{"rendered":"\n<p><em>&#8211; De acuerdo con los resultados del \u00cdndice de Transparencia y Disponibilidad de la Informaci\u00f3n Fiscal de los Municipios, 2025<\/em><\/p>\n\n\n\n<p><em>&#8211; El alcalde, Pepe Chedraui refrenda su compromiso con la transparencia y la rendici\u00f3n de cuentas<\/em><\/p>\n\n\n\n<p>Puebla, Pue., 04 de diciembre de 2025.- Puebla capital que gobierna el presidente municipal, Pepe Chedraui, fue evaluada como la ciudad m\u00e1s transparente a nivel nacional, superando el cuarto lugar obtenido en 2024, gracias al nivel de disponibilidad y calidad de la informaci\u00f3n fiscal generada y publicada en el nuevo Portal de Gobierno Abierto, de acuerdo con el \u00cdndice de Transparencia y Disponibilidad de la Informaci\u00f3n Fiscal de los Municipios, 2025.<\/p>\n\n\n\n<p>El documento destaca que la capital del Estado de Puebla lidera las seis administraciones municipales calificadas como las m\u00e1s transparentes del pa\u00eds, de un total de sesenta que fueron evaluadas, con un resultado del 97.45, lo que signific\u00f3 un incremento de seis puntos porcentuales respecto de la puntuaci\u00f3n del a\u00f1o 2024, coloc\u00e1ndola por encima de los municipios de Corregidora y Veracruz, los cuales obtuvieron una puntaci\u00f3n de 95.23.<\/p>\n\n\n\n<p>Este instrumento estad\u00edstico de Aregional, creado desde hace m\u00e1s de 20 a\u00f1os, adem\u00e1s de establecer indicadores espec\u00edficos que abonan a la integraci\u00f3n y publicaci\u00f3n de la informaci\u00f3n relativa a las gestiones financieras realizadas por los gobiernos municipales, considera variables de cumplimiento con la transparencia y la rendici\u00f3n de cuentas derivadas de ordenamientos legales espec\u00edficos como la Ley General de Transparencia y Acceso a la Informaci\u00f3n P\u00fablica, Ley de Disciplina Financiera de las Entidades Federativas y los Municipios y Ley General de Contabilidad Gubernamental; y toma en cuenta la disponibilidad de informaci\u00f3n proactiva.<\/p>\n\n\n\n<p>Al respecto, el presidente municipal, Pepe Chedraui, refrend\u00f3 el compromiso del Gobierno de la Ciudad con la transparencia y la rendici\u00f3n de cuentas, afirmando que es una obligaci\u00f3n para la administraci\u00f3n y un derecho de las y los poblanos para conocer el quehacer municipal, y el ejercicio de los recursos p\u00fablicos.<\/p>\n","protected":false},"excerpt":{"rendered":"<p>&#8211; De acuerdo con los resultados del \u00cdndice de Transparencia y Disponibilidad de la Informaci\u00f3n Fiscal de los Municipios, 2025 &#8211; El alcalde, Pepe Chedraui refrenda su compromiso con la transparencia y la rendici\u00f3n de cuentas Puebla, Pue., 04 de diciembre de 2025.- Puebla capital que gobierna el presidente municipal, Pepe Chedraui, fue evaluada como [&hellip;]<\/p>\n","protected":false},"author":1,"featured_media":72573,"comment_status":"open","ping_status":"open","sticky":false,"template":"","format":"standard","meta":{"om_disable_all_campaigns":false,"_monsterinsights_skip_tracking":false,"_monsterinsights_sitenote_active":false,"_monsterinsights_sitenote_note":"","_monsterinsights_sitenote_category":0,"footnotes":""},"categories":[5],"tags":[223],"class_list":["post-72572","post","type-post","status-publish","format-standard","has-post-thumbnail","hentry","category-politica","tag-puebla"],"amp_enabled":true,"_links":{"self":[{"href":"https:\/\/lahora.mx\/index.php\/wp-json\/wp\/v2\/posts\/72572","targetHints":{"allow":["GET"]}}],"collection":[{"href":"https:\/\/lahora.mx\/index.php\/wp-json\/wp\/v2\/posts"}],"about":[{"href":"https:\/\/lahora.mx\/index.php\/wp-json\/wp\/v2\/types\/post"}],"author":[{"embeddable":true,"href":"https:\/\/lahora.mx\/index.php\/wp-json\/wp\/v2\/users\/1"}],"replies":[{"embeddable":true,"href":"https:\/\/lahora.mx\/index.php\/wp-json\/wp\/v2\/comments?post=72572"}],"version-history":[{"count":1,"href":"https:\/\/lahora.mx\/index.php\/wp-json\/wp\/v2\/posts\/72572\/revisions"}],"predecessor-version":[{"id":72574,"href":"https:\/\/lahora.mx\/index.php\/wp-json\/wp\/v2\/posts\/72572\/revisions\/72574"}],"wp:featuredmedia":[{"embeddable":true,"href":"https:\/\/lahora.mx\/index.php\/wp-json\/wp\/v2\/media\/72573"}],"wp:attachment":[{"href":"https:\/\/lahora.mx\/index.php\/wp-json\/wp\/v2\/media?parent=72572"}],"wp:term":[{"taxonomy":"category","embeddable":true,"href":"https:\/\/lahora.mx\/index.php\/wp-json\/wp\/v2\/categories?post=72572"},{"taxonomy":"post_tag","embeddable":true,"href":"https:\/\/lahora.mx\/index.php\/wp-json\/wp\/v2\/tags?post=72572"}],"curies":[{"name":"wp","href":"https:\/\/api.w.org\/{rel}","templated":true}]}}