{"id":72556,"date":"2025-12-06T01:16:52","date_gmt":"2025-12-06T01:16:52","guid":{"rendered":"https:\/\/lahora.mx\/?p=72556"},"modified":"2025-12-06T01:16:52","modified_gmt":"2025-12-06T01:16:52","slug":"alejandro-armenta-solicita-que-fgr-detenga-a-el-tonin","status":"publish","type":"post","link":"https:\/\/lahora.mx\/index.php\/2025\/12\/06\/alejandro-armenta-solicita-que-fgr-detenga-a-el-tonin\/","title":{"rendered":"Alejandro Armenta solicita que FGR detenga a El To\u00f1\u00edn"},"content":{"rendered":"\n<p>Adem\u00e1s de que solicit\u00f3 al secretario de gobernaci\u00f3n de Puebla, Samuel Aguilar Pala, que denuncie a Antonio Valente Mart\u00ednez, m\u00e1s conocido como \u00abEl To\u00f1\u00edn\u00bb por amenazas en su contra, el gobernador Alejandro Armenta Mier solicit\u00f3 a la Fiscal\u00eda General de la Rep\u00fablica (FGR) que lo detenga por los diferentes delitos federales que enfrenta.<\/p>\n\n\n\n<p>En entrevista con los medios de comunicaci\u00f3n, el Mandatario Estatal se\u00f1al\u00f3 que se le atribuyen varios delitos como son m\u00faltiples homicidios, as\u00ed como el robo de hidrocarburos en los municipios de Tecamachalco y Palmar de Bravo, \u201clos cuales son de competencia federal y son ellos quienes deben actuar en su detenci\u00f3n\u201d.<\/p>\n\n\n\n<p>\u00abYo le hago un llamado respetuoso a la Fiscal\u00eda General de la Rep\u00fablica, porque las vinculaciones con este supuesto delincuente, las vinculaciones son del orden federal, por lo que yo espero que haya una actuaci\u00f3n\u00bb, declar\u00f3 Alejandro Armenta.<\/p>\n\n\n\n<p>Dej\u00f3 en claro que existen investigaciones estatales y federales en contra de Antonio Mart\u00ednez por el robo de combustible, de tal manera, hizo un exhorto a la FGR y a su titular, Ernestina Godoy, para que detengan a \u201cEl To\u00f1\u00edn\u201d, ya que asegura son m\u00e1s que \u201cevidentes\u201d sus v\u00ednculos con el huachicol y homicidios, entre ellos, los registrados en el 2017 en contra de cuatro militares.<\/p>\n\n\n\n<p>En torno a las amenazas en contra del secretario de Gobernaci\u00f3n, Samuel Aguilar Pala, coment\u00f3 que dicho funcionario debe denunciarlo, \u201cya que no se trata de un tema menor o que deba tomarse a la ligera\u201d.<\/p>\n\n\n\n<p>Cabe recordar que el pasado martes dos de diciembre, Antonio Valente tach\u00f3 de \u201ccabr\u00f3n\u201d a Samuel Aguilar, despu\u00e9s de que este \u00faltimo le exigi\u00f3 a Guadalupe Mart\u00ednez, alcaldesa de Quecholac e hija de \u201cEl To\u00f1\u00edn\u201d, que solucionara y atendiera el bloqueo que exist\u00eda en ese momento en la autopista Puebla-Orizaba.<\/p>\n","protected":false},"excerpt":{"rendered":"<p>Adem\u00e1s de que solicit\u00f3 al secretario de gobernaci\u00f3n de Puebla, Samuel Aguilar Pala, que denuncie a Antonio Valente Mart\u00ednez, m\u00e1s conocido como \u00abEl To\u00f1\u00edn\u00bb por amenazas en su contra, el gobernador Alejandro Armenta Mier solicit\u00f3 a la Fiscal\u00eda General de la Rep\u00fablica (FGR) que lo detenga por los diferentes delitos federales que enfrenta. En entrevista [&hellip;]<\/p>\n","protected":false},"author":1,"featured_media":72557,"comment_status":"open","ping_status":"open","sticky":false,"template":"","format":"standard","meta":{"om_disable_all_campaigns":false,"_monsterinsights_skip_tracking":false,"_monsterinsights_sitenote_active":false,"_monsterinsights_sitenote_note":"","_monsterinsights_sitenote_category":0,"footnotes":""},"categories":[175],"tags":[239,195,223],"class_list":["post-72556","post","type-post","status-publish","format-standard","has-post-thumbnail","hentry","category-local","tag-gobierno","tag-principal","tag-puebla"],"amp_enabled":true,"_links":{"self":[{"href":"https:\/\/lahora.mx\/index.php\/wp-json\/wp\/v2\/posts\/72556","targetHints":{"allow":["GET"]}}],"collection":[{"href":"https:\/\/lahora.mx\/index.php\/wp-json\/wp\/v2\/posts"}],"about":[{"href":"https:\/\/lahora.mx\/index.php\/wp-json\/wp\/v2\/types\/post"}],"author":[{"embeddable":true,"href":"https:\/\/lahora.mx\/index.php\/wp-json\/wp\/v2\/users\/1"}],"replies":[{"embeddable":true,"href":"https:\/\/lahora.mx\/index.php\/wp-json\/wp\/v2\/comments?post=72556"}],"version-history":[{"count":1,"href":"https:\/\/lahora.mx\/index.php\/wp-json\/wp\/v2\/posts\/72556\/revisions"}],"predecessor-version":[{"id":72558,"href":"https:\/\/lahora.mx\/index.php\/wp-json\/wp\/v2\/posts\/72556\/revisions\/72558"}],"wp:featuredmedia":[{"embeddable":true,"href":"https:\/\/lahora.mx\/index.php\/wp-json\/wp\/v2\/media\/72557"}],"wp:attachment":[{"href":"https:\/\/lahora.mx\/index.php\/wp-json\/wp\/v2\/media?parent=72556"}],"wp:term":[{"taxonomy":"category","embeddable":true,"href":"https:\/\/lahora.mx\/index.php\/wp-json\/wp\/v2\/categories?post=72556"},{"taxonomy":"post_tag","embeddable":true,"href":"https:\/\/lahora.mx\/index.php\/wp-json\/wp\/v2\/tags?post=72556"}],"curies":[{"name":"wp","href":"https:\/\/api.w.org\/{rel}","templated":true}]}}