{"id":72551,"date":"2025-12-05T20:46:45","date_gmt":"2025-12-05T20:46:45","guid":{"rendered":"https:\/\/lahora.mx\/?p=72551"},"modified":"2025-12-05T20:46:46","modified_gmt":"2025-12-05T20:46:46","slug":"orgullosos-de-recibir-por-tercera-vez-la-copa-del-mundo-claudia-sheinbaum","status":"publish","type":"post","link":"https:\/\/lahora.mx\/index.php\/2025\/12\/05\/orgullosos-de-recibir-por-tercera-vez-la-copa-del-mundo-claudia-sheinbaum\/","title":{"rendered":"\u201cOrgullosos de recibir por tercera vez la Copa del Mundo\u201d: Claudia Sheinbaum"},"content":{"rendered":"\n<p>La Presidenta de M\u00e9xico, Claudia Sheinbaum, expres\u00f3 el orgullo nacional de ser anfitri\u00f3n por tercera ocasi\u00f3n del Mundial durante el sorteo de la Copa del Mundo FIFA 2026.<\/p>\n\n\n\n<p>Desde el Kennedy Center en Washington, la Presidenta de la Rep\u00fablica, Claudia Sheinbaum, destac\u00f3 que \u201cM\u00e9xico es un pa\u00eds extraordinario, bello y m\u00e1gico\u201d, que recibir\u00e1 a miles de visitantes para la justa deportiva internacional.<\/p>\n\n\n\n<p>La mandataria federal, quien escribi\u00f3 acompa\u00f1ada del Presidente de Estados Unidos, Donald Trump, y del Primer Ministro de Canad\u00e1, Mark Carney, resalt\u00f3 que \u201clos mexicanos son un pueblo extraordinario y trabajador\u201d.<\/p>\n\n\n\n<p>La Presidenta aprovech\u00f3 su discurso para reconocer a las culturas ind\u00edgenas y al ancestral juego de pelota en M\u00e9xico.<\/p>\n\n\n\n<p>\u201cEstamos orgullosos de recibir por tercera vez la Copa Mundial. M\u00e9xico es un pa\u00eds extraordinario, bello y m\u00e1gico, y millones visitar\u00e1n nuestra naci\u00f3n. Adem\u00e1s, quiero decirles que tenemos un pueblo extraordinario y trabajador, y algo especial: disfrutamos del juego de pelota desde tiempos ancestrales\u201d, expres\u00f3.<br>Sorteo de la Copa Mundial FIFA 2026<br>En el sorteo de la Copa del Mundo FIFA 26 con los gobernantes de los pa\u00edses anfitriones, cada uno de ellos fue invitado al escenario por Gianni Infantino, presidente de la FIFA, esto para realizar la primera parte del sorteo donde cada uno de ellos sac\u00f3 una bola de las t\u00f3mbolas para designar a las cabezas de serie. Como era de esperarse, cada uno de los mandatarios sac\u00f3 el nombre de su pa\u00eds para ser colocados en sus respectivos sectores.<\/p>\n\n\n\n<p>M\u00e9xico encabezar\u00e1 el grupo A, Canad\u00e1 el grupo B y Estados Unidos el grupo D.<\/p>\n","protected":false},"excerpt":{"rendered":"<p>La Presidenta de M\u00e9xico, Claudia Sheinbaum, expres\u00f3 el orgullo nacional de ser anfitri\u00f3n por tercera ocasi\u00f3n del Mundial durante el sorteo de la Copa del Mundo FIFA 2026. Desde el Kennedy Center en Washington, la Presidenta de la Rep\u00fablica, Claudia Sheinbaum, destac\u00f3 que \u201cM\u00e9xico es un pa\u00eds extraordinario, bello y m\u00e1gico\u201d, que recibir\u00e1 a miles [&hellip;]<\/p>\n","protected":false},"author":1,"featured_media":72552,"comment_status":"open","ping_status":"open","sticky":false,"template":"","format":"standard","meta":{"om_disable_all_campaigns":false,"_monsterinsights_skip_tracking":false,"_monsterinsights_sitenote_active":false,"_monsterinsights_sitenote_note":"","_monsterinsights_sitenote_category":0,"footnotes":""},"categories":[176],"tags":[],"class_list":["post-72551","post","type-post","status-publish","format-standard","has-post-thumbnail","hentry","category-nacional"],"amp_enabled":true,"_links":{"self":[{"href":"https:\/\/lahora.mx\/index.php\/wp-json\/wp\/v2\/posts\/72551","targetHints":{"allow":["GET"]}}],"collection":[{"href":"https:\/\/lahora.mx\/index.php\/wp-json\/wp\/v2\/posts"}],"about":[{"href":"https:\/\/lahora.mx\/index.php\/wp-json\/wp\/v2\/types\/post"}],"author":[{"embeddable":true,"href":"https:\/\/lahora.mx\/index.php\/wp-json\/wp\/v2\/users\/1"}],"replies":[{"embeddable":true,"href":"https:\/\/lahora.mx\/index.php\/wp-json\/wp\/v2\/comments?post=72551"}],"version-history":[{"count":1,"href":"https:\/\/lahora.mx\/index.php\/wp-json\/wp\/v2\/posts\/72551\/revisions"}],"predecessor-version":[{"id":72553,"href":"https:\/\/lahora.mx\/index.php\/wp-json\/wp\/v2\/posts\/72551\/revisions\/72553"}],"wp:featuredmedia":[{"embeddable":true,"href":"https:\/\/lahora.mx\/index.php\/wp-json\/wp\/v2\/media\/72552"}],"wp:attachment":[{"href":"https:\/\/lahora.mx\/index.php\/wp-json\/wp\/v2\/media?parent=72551"}],"wp:term":[{"taxonomy":"category","embeddable":true,"href":"https:\/\/lahora.mx\/index.php\/wp-json\/wp\/v2\/categories?post=72551"},{"taxonomy":"post_tag","embeddable":true,"href":"https:\/\/lahora.mx\/index.php\/wp-json\/wp\/v2\/tags?post=72551"}],"curies":[{"name":"wp","href":"https:\/\/api.w.org\/{rel}","templated":true}]}}