{"id":72545,"date":"2025-12-05T20:39:20","date_gmt":"2025-12-05T20:39:20","guid":{"rendered":"https:\/\/lahora.mx\/?p=72545"},"modified":"2025-12-05T20:39:21","modified_gmt":"2025-12-05T20:39:21","slug":"sheinbaum-saco-la-bolita-y-mexico-sera-cabeza-de-serie-del-grupo-a-en-el-mundial-2026","status":"publish","type":"post","link":"https:\/\/lahora.mx\/index.php\/2025\/12\/05\/sheinbaum-saco-la-bolita-y-mexico-sera-cabeza-de-serie-del-grupo-a-en-el-mundial-2026\/","title":{"rendered":"Sheinbaum sac\u00f3 la bolita y M\u00e9xico ser\u00e1 cabeza de serie del Grupo A en el Mundial 2026"},"content":{"rendered":"\n<p>El sorteo del Mundial de futbol 2026 de la FIFA se celebr\u00f3 este viernes, 5 de diciembre, en el Centro John F. Kennedy para las Artes Esc\u00e9nicas de Washington, D.C., marcando el inicio de la ruta hacia el torneo que se disputar\u00e1 en M\u00e9xico, Estados Unidos y Canad\u00e1.<\/p>\n\n\n\n<p>En un acto con presencia de los mandatarios de los tres pa\u00edses anfitriones, Claudia Sheinbaum por M\u00e9xico, Donald Trump por Estados Unidos y Mark Carney por Canad\u00e1, Sheinbaum fue la encargada de sacar la pelotita que asign\u00f3 a la Selecci\u00f3n Mexicana como cabeza de serie del Grupo A.<\/p>\n\n\n\n<p>Estados Unidos, por su parte, encabeza el Grupo C, mientras que Canad\u00e1 lidera el Grupo B.<\/p>\n\n\n\n<p>El sorteo, que cont\u00f3 con la conducci\u00f3n del exfutbolista ingl\u00e9s Rio Ferdinand y la periodista Samantha Johnson, reuni\u00f3 tambi\u00e9n a destacados deportistas que participaron como las llamadas \u201cmanos santas\u201d para extraer las pelotas: Tom Brady, hist\u00f3rico quarterback de la NFL; Wayne Gretzky, referente del hockey sobre hielo; Shaquille O\u2019Neal, \u00edcono de la NBA; y Aaron Judge, estrella de Grandes Ligas.<\/p>\n\n\n\n<p>Adem\u00e1s, el evento tuvo presencia de figuras del espect\u00e1culo como la modelo Heidi Klum y los actores Kevin Hart y Danny Ram\u00edrez, quienes fungieron como presentadores, as\u00ed como las mascotas oficiales del Mundial 2026: Maple, Zayu y Clutch.<\/p>\n\n\n\n<p>El dos veces campe\u00f3n del Super Bowl, Eli Manning, se encarg\u00f3 de entrevistar a los protagonistas en la alfombra roja.<\/p>\n\n\n\n<p>El sorteo defini\u00f3 12 grupos de cuatro selecciones cada uno, comenzando a delinear el camino hacia el t\u00edtulo para las 48 selecciones que participar\u00e1n en la primera Copa del Mundo ampliada a este formato.<\/p>\n\n\n\n<p>La presencia de M\u00e9xico como cabeza de serie en el Grupo A garantiza que el pa\u00eds anfitri\u00f3n inicie el torneo con un lugar privilegiado, abriendo expectativas para los aficionados y la organizaci\u00f3n local.<\/p>\n","protected":false},"excerpt":{"rendered":"<p>El sorteo del Mundial de futbol 2026 de la FIFA se celebr\u00f3 este viernes, 5 de diciembre, en el Centro John F. Kennedy para las Artes Esc\u00e9nicas de Washington, D.C., marcando el inicio de la ruta hacia el torneo que se disputar\u00e1 en M\u00e9xico, Estados Unidos y Canad\u00e1. En un acto con presencia de los [&hellip;]<\/p>\n","protected":false},"author":1,"featured_media":72546,"comment_status":"open","ping_status":"open","sticky":false,"template":"","format":"standard","meta":{"om_disable_all_campaigns":false,"_monsterinsights_skip_tracking":false,"_monsterinsights_sitenote_active":false,"_monsterinsights_sitenote_note":"","_monsterinsights_sitenote_category":0,"footnotes":""},"categories":[176,6],"tags":[195],"class_list":["post-72545","post","type-post","status-publish","format-standard","has-post-thumbnail","hentry","category-nacional","category-sports","tag-principal"],"amp_enabled":true,"_links":{"self":[{"href":"https:\/\/lahora.mx\/index.php\/wp-json\/wp\/v2\/posts\/72545","targetHints":{"allow":["GET"]}}],"collection":[{"href":"https:\/\/lahora.mx\/index.php\/wp-json\/wp\/v2\/posts"}],"about":[{"href":"https:\/\/lahora.mx\/index.php\/wp-json\/wp\/v2\/types\/post"}],"author":[{"embeddable":true,"href":"https:\/\/lahora.mx\/index.php\/wp-json\/wp\/v2\/users\/1"}],"replies":[{"embeddable":true,"href":"https:\/\/lahora.mx\/index.php\/wp-json\/wp\/v2\/comments?post=72545"}],"version-history":[{"count":1,"href":"https:\/\/lahora.mx\/index.php\/wp-json\/wp\/v2\/posts\/72545\/revisions"}],"predecessor-version":[{"id":72547,"href":"https:\/\/lahora.mx\/index.php\/wp-json\/wp\/v2\/posts\/72545\/revisions\/72547"}],"wp:featuredmedia":[{"embeddable":true,"href":"https:\/\/lahora.mx\/index.php\/wp-json\/wp\/v2\/media\/72546"}],"wp:attachment":[{"href":"https:\/\/lahora.mx\/index.php\/wp-json\/wp\/v2\/media?parent=72545"}],"wp:term":[{"taxonomy":"category","embeddable":true,"href":"https:\/\/lahora.mx\/index.php\/wp-json\/wp\/v2\/categories?post=72545"},{"taxonomy":"post_tag","embeddable":true,"href":"https:\/\/lahora.mx\/index.php\/wp-json\/wp\/v2\/tags?post=72545"}],"curies":[{"name":"wp","href":"https:\/\/api.w.org\/{rel}","templated":true}]}}