{"id":72539,"date":"2025-12-05T19:29:32","date_gmt":"2025-12-05T19:29:32","guid":{"rendered":"https:\/\/lahora.mx\/?p=72539"},"modified":"2025-12-05T19:29:33","modified_gmt":"2025-12-05T19:29:33","slug":"puebla-sera-sede-del-elite-panamerican-championships-de-boxeo","status":"publish","type":"post","link":"https:\/\/lahora.mx\/index.php\/2025\/12\/05\/puebla-sera-sede-del-elite-panamerican-championships-de-boxeo\/","title":{"rendered":"Puebla ser\u00e1 sede del Elite Panamerican Championships de Boxeo"},"content":{"rendered":"\n<p>La Secretar\u00eda de Deporte y Juventud encabezada por Gaby \u201cLa Bonita\u201d S\u00e1nchez, dio a conocer que en el a\u00f1o 2026, la entidad buscar\u00e1 mantener su posici\u00f3n como epicentro del deporte nacional e internacional, al albergar una serie de eventos de talla mundial que consolidar\u00e1n el prestigio deportivo de la entidad.<\/p>\n\n\n\n<p>Entre estos eventos destaca que, del 17 al 25 de octubre de 2026, el Gimnasio Miguel Hidalgo de la capital poblana ser\u00e1 sede del Elite Panamerican Championships, una de las dos competencias clasificatorias rumbo a los Juegos Ol\u00edmpicos de Los \u00c1ngeles 2028. Este anuncio fue emitido por la Federaci\u00f3n Mexicana de Boxeo (FMB) a trav\u00e9s de un comunicado oficial.<br>En un trabajo coordinado por el presidente de la Asociaci\u00f3n Poblana de Boxeo (APOBA), Antonio Rico, y la Secretar\u00eda de Deporte y Juventud, la Federaci\u00f3n de Boxeo, quien es el m\u00e1ximo organismo de este deporte en M\u00e9xico, resalt\u00f3 que el nombramiento de la sede es fruto del trabajo, credibilidad y liderazgo que se ha recuperado dentro del boxeo ol\u00edmpico mundial. Asimismo, se\u00f1al\u00f3 que la confianza otorgada al pa\u00eds refleja el fortalecimiento de las estructuras deportivas nacionales, la modernizaci\u00f3n de las competencias y la proyecci\u00f3n de las y los atletas hacia un nuevo est\u00e1ndar de excelencia internacional.<\/p>\n\n\n\n<p>La secretaria Gaby \u201cLa Bonita\u201d S\u00e1nchez expres\u00f3 su entusiasmo por recibir una competencia que marcar\u00e1 un antes y un despu\u00e9s en el camino de los pugilistas que buscan la clasificaci\u00f3n ol\u00edmpica.<\/p>\n\n\n\n<p>Subray\u00f3 que Puebla se ha convertido en un referente confiable, gracias al respaldo decidido del Gobierno del Estado, encabezado por el gobernador Alejandro Armenta, para albergar eventos de alto impacto en un deporte tan especial para ella como el boxeo.<\/p>\n\n\n\n<p>Asimismo, se dio a conocer que, adem\u00e1s de Puebla, Guadalajara ser\u00e1 sede del Torneo Clasificatorio para los Juegos Centroamericanos y del Caribe Santo Domingo 2026, del 10 al 17 de marzo, lo que refuerza el momento hist\u00f3rico que vive el boxeo ol\u00edmpico mexicano.<\/p>\n","protected":false},"excerpt":{"rendered":"<p>La Secretar\u00eda de Deporte y Juventud encabezada por Gaby \u201cLa Bonita\u201d S\u00e1nchez, dio a conocer que en el a\u00f1o 2026, la entidad buscar\u00e1 mantener su posici\u00f3n como epicentro del deporte nacional e internacional, al albergar una serie de eventos de talla mundial que consolidar\u00e1n el prestigio deportivo de la entidad. Entre estos eventos destaca que, [&hellip;]<\/p>\n","protected":false},"author":1,"featured_media":72540,"comment_status":"open","ping_status":"open","sticky":false,"template":"","format":"standard","meta":{"om_disable_all_campaigns":false,"_monsterinsights_skip_tracking":false,"_monsterinsights_sitenote_active":false,"_monsterinsights_sitenote_note":"","_monsterinsights_sitenote_category":0,"footnotes":""},"categories":[6],"tags":[],"class_list":["post-72539","post","type-post","status-publish","format-standard","has-post-thumbnail","hentry","category-sports"],"amp_enabled":true,"_links":{"self":[{"href":"https:\/\/lahora.mx\/index.php\/wp-json\/wp\/v2\/posts\/72539","targetHints":{"allow":["GET"]}}],"collection":[{"href":"https:\/\/lahora.mx\/index.php\/wp-json\/wp\/v2\/posts"}],"about":[{"href":"https:\/\/lahora.mx\/index.php\/wp-json\/wp\/v2\/types\/post"}],"author":[{"embeddable":true,"href":"https:\/\/lahora.mx\/index.php\/wp-json\/wp\/v2\/users\/1"}],"replies":[{"embeddable":true,"href":"https:\/\/lahora.mx\/index.php\/wp-json\/wp\/v2\/comments?post=72539"}],"version-history":[{"count":1,"href":"https:\/\/lahora.mx\/index.php\/wp-json\/wp\/v2\/posts\/72539\/revisions"}],"predecessor-version":[{"id":72541,"href":"https:\/\/lahora.mx\/index.php\/wp-json\/wp\/v2\/posts\/72539\/revisions\/72541"}],"wp:featuredmedia":[{"embeddable":true,"href":"https:\/\/lahora.mx\/index.php\/wp-json\/wp\/v2\/media\/72540"}],"wp:attachment":[{"href":"https:\/\/lahora.mx\/index.php\/wp-json\/wp\/v2\/media?parent=72539"}],"wp:term":[{"taxonomy":"category","embeddable":true,"href":"https:\/\/lahora.mx\/index.php\/wp-json\/wp\/v2\/categories?post=72539"},{"taxonomy":"post_tag","embeddable":true,"href":"https:\/\/lahora.mx\/index.php\/wp-json\/wp\/v2\/tags?post=72539"}],"curies":[{"name":"wp","href":"https:\/\/api.w.org\/{rel}","templated":true}]}}