{"id":72530,"date":"2025-12-05T15:54:47","date_gmt":"2025-12-05T15:54:47","guid":{"rendered":"https:\/\/lahora.mx\/?p=72530"},"modified":"2025-12-05T15:54:48","modified_gmt":"2025-12-05T15:54:48","slug":"sheinbaum-se-alista-para-participar-en-el-sorteo-del-mundial-2026","status":"publish","type":"post","link":"https:\/\/lahora.mx\/index.php\/2025\/12\/05\/sheinbaum-se-alista-para-participar-en-el-sorteo-del-mundial-2026\/","title":{"rendered":"Sheinbaum se alista para participar en el Sorteo del Mundial 2026"},"content":{"rendered":"\n<p>La presidenta de M\u00e9xico, Claudia Sheinbaum Pardo, ya se encuentra en Washington D.C., en Estados Unidos, para participar este viernes cinco de diciembre en el Sorteo del Mundial 2026.<\/p>\n\n\n\n<p>Fue desde el pasado jueves cuatro de diciembre cuando la Mandataria Federal aterriz\u00f3 en la base militar Andrews, a trav\u00e9s de un avi\u00f3n de la Fuerza A\u00e9rea Mexicana se ubica en Maryland.<br>Acto seguido, fue trasladada a su hotel en la capital estadounidense bajo un fuerte dispositivo de seguridad.<\/p>\n\n\n\n<p>De esta manera, Claudia Sheinbaum asistir\u00e1 este viernes al Sorteo del Mundial 2026, el cual se realizar\u00e1 en The Kennedy Center, junto a su hom\u00f3logo de Estados Unidos, Donald Trump; as\u00ed como el primer ministro de Canad\u00e1, Mark Carney, con quienes sostendr\u00e1 una breve reuni\u00f3n antes del evento.<\/p>\n\n\n\n<p>\u201cHoy -jueves cuatro de diciembre- viajamos a Washington para representar a M\u00e9xico en el primer evento de la Copa Mundial FIFA 2026, en el que tambi\u00e9n participan el primer ministro de Canad\u00e1, Mark Carney, y el presidente de Estados Unidos, Donald Trump\u201d, se\u00f1al\u00f3 mediante un mensaje.<\/p>\n\n\n\n<p>Agreg\u00f3 que la conferencia matutina desde Palacio Nacional de este cinco de diciembre ser\u00e1 encabezada por la secretaria de Gobernaci\u00f3n (Segob), Rosa Icela Rodr\u00edguez.<\/p>\n\n\n\n<p>Cabe recordar que FIFA llevar\u00e1 a cabo el Sorteo del Mundial 2026 de Estados Unidos, M\u00e9xico y Canad\u00e1 este viernes cinco de diciembre en Washington D.C., con cuatro bombos y 48 selecciones; el mismo comenzar\u00e1 a partir de las 11:00 horas tiempo del Centro de M\u00e9xico en el The Kennedy Center, el centro cultural nacional de Estados Unidos, cedido por Trump a la FIFA para el evento.<\/p>\n","protected":false},"excerpt":{"rendered":"<p>La presidenta de M\u00e9xico, Claudia Sheinbaum Pardo, ya se encuentra en Washington D.C., en Estados Unidos, para participar este viernes cinco de diciembre en el Sorteo del Mundial 2026. Fue desde el pasado jueves cuatro de diciembre cuando la Mandataria Federal aterriz\u00f3 en la base militar Andrews, a trav\u00e9s de un avi\u00f3n de la Fuerza [&hellip;]<\/p>\n","protected":false},"author":1,"featured_media":72531,"comment_status":"open","ping_status":"open","sticky":false,"template":"","format":"standard","meta":{"om_disable_all_campaigns":false,"_monsterinsights_skip_tracking":false,"_monsterinsights_sitenote_active":false,"_monsterinsights_sitenote_note":"","_monsterinsights_sitenote_category":0,"footnotes":""},"categories":[6],"tags":[],"class_list":["post-72530","post","type-post","status-publish","format-standard","has-post-thumbnail","hentry","category-sports"],"amp_enabled":true,"_links":{"self":[{"href":"https:\/\/lahora.mx\/index.php\/wp-json\/wp\/v2\/posts\/72530","targetHints":{"allow":["GET"]}}],"collection":[{"href":"https:\/\/lahora.mx\/index.php\/wp-json\/wp\/v2\/posts"}],"about":[{"href":"https:\/\/lahora.mx\/index.php\/wp-json\/wp\/v2\/types\/post"}],"author":[{"embeddable":true,"href":"https:\/\/lahora.mx\/index.php\/wp-json\/wp\/v2\/users\/1"}],"replies":[{"embeddable":true,"href":"https:\/\/lahora.mx\/index.php\/wp-json\/wp\/v2\/comments?post=72530"}],"version-history":[{"count":1,"href":"https:\/\/lahora.mx\/index.php\/wp-json\/wp\/v2\/posts\/72530\/revisions"}],"predecessor-version":[{"id":72532,"href":"https:\/\/lahora.mx\/index.php\/wp-json\/wp\/v2\/posts\/72530\/revisions\/72532"}],"wp:featuredmedia":[{"embeddable":true,"href":"https:\/\/lahora.mx\/index.php\/wp-json\/wp\/v2\/media\/72531"}],"wp:attachment":[{"href":"https:\/\/lahora.mx\/index.php\/wp-json\/wp\/v2\/media?parent=72530"}],"wp:term":[{"taxonomy":"category","embeddable":true,"href":"https:\/\/lahora.mx\/index.php\/wp-json\/wp\/v2\/categories?post=72530"},{"taxonomy":"post_tag","embeddable":true,"href":"https:\/\/lahora.mx\/index.php\/wp-json\/wp\/v2\/tags?post=72530"}],"curies":[{"name":"wp","href":"https:\/\/api.w.org\/{rel}","templated":true}]}}