{"id":7253,"date":"2022-05-22T02:13:13","date_gmt":"2022-05-22T02:13:13","guid":{"rendered":"http:\/\/lahora.mx\/?p=7253"},"modified":"2022-05-22T02:13:15","modified_gmt":"2022-05-22T02:13:15","slug":"periodista-de-sonora-acusa-que-mananeras-son-circo-maroma-y-teatro","status":"publish","type":"post","link":"https:\/\/lahora.mx\/index.php\/2022\/05\/22\/periodista-de-sonora-acusa-que-mananeras-son-circo-maroma-y-teatro\/","title":{"rendered":"Periodista de Sonora acusa que ma\u00f1aneras son \u2018circo, maroma y teatro\u2019"},"content":{"rendered":"\n<p>La periodista Rosa Lilia Torres, de Cajeme Sonora\u00a0denunci\u00f3 que ning\u00fan reportero del estado logr\u00f3 preguntarle alg\u00fan tema al\u00a0<strong>presidente Andr\u00e9s Manuel L\u00f3pez Obrador<\/strong>\u00a0durante su conferencia matutina de este s\u00e1bado porque siempre \u201cpreguntan los mismos\u201d.<\/p>\n\n\n\n<p>La ma\u00f1ana<strong>\u00a0de este d\u00eda 21 de mayo<\/strong>, el mandatario mexicano imparti\u00f3 su \u201cma\u00f1anera\u201d desde Cajame, donde abord\u00f3 la inseguridad y el tema de las personas desaparecidas en el estado.<br><\/p>\n\n\n\n<p>Sin embargo, en un video que se hizo viral en redes sociales se observa al jefe del Ejecutivo \u201ccortar\u201d las preguntas y respuestas de los&nbsp;<strong>periodistas de Sonora<\/strong>&nbsp;tras argumentar que ya \u201cson 25 para las 12\u2033.<\/p>\n\n\n\n<p>\u201cPresidente, la gente de Cajame tambi\u00e9n necesita preguntar\u201d, se escucha una voz en la grabaci\u00f3n.<br><\/p>\n\n\n\n<p>Por este motivo,&nbsp;<strong>Rosa Lilia Torres<\/strong>&nbsp;acus\u00f3 que siempre preguntan los \u201cmismos\u201d comunicadores que vienen de la Ciudad de M\u00e9xico y asegur\u00f3 que hay \u201cpreguntas sembradas\u201d.<\/p>\n\n\n\n<p>\u201cNi un periodista de Cajeme tuvimos la oportunidad de poderle preguntar al Presidente\u2026 siempre preguntan los mismos, con preguntas sembradas, me da tristeza el circo que se hace y la p\u00e9rdida de tiempo que hacen al gremio\u201d, sostuvo.<\/p>\n\n\n\n<p>Incluso, afirm\u00f3 que las conferencias matutinas del presidente L\u00f3pez Obrador est\u00e1n \u201carmad\u00edsimas\u201d y es puro \u201ccirco, maroma y teatro\u201d.<\/p>\n\n\n\n<p>\u201cEsto ya est\u00e1 armad\u00edsimo, ya se sabe qui\u00e9n va a preguntar, qu\u00e9 es lo que le van a preguntar al Presidente, siempre escogen a los mismos\u201d, dijo.<\/p>\n\n\n\n<p>Tambi\u00e9n lament\u00f3 que el&nbsp;<strong>gremio period\u00edstico \u201cperdiera su tiempo\u201d&nbsp;<\/strong>al asistir al evento del mandatario porque, sostuvo, cuesta \u201cmucho\u201d trabajo acreditar que eres de prensa y entrar a las ma\u00f1aneras.<\/p>\n\n\n\n<p>\u201cQu\u00e9 manera de hacer perder el tiempo a los periodistas de Cajeme, qu\u00e9 falta de respeto\u201d.<br><\/p>\n\n\n\n<p><strong>Andr\u00e9s Manuel L\u00f3pez Obrador<\/strong>, presidente de M\u00e9xico, defendi\u00f3 su estrategia de que 500 m\u00e9dicos cubanos lleguen a laborar a M\u00e9xico. Dijo que se ha iniciado una pol\u00e9mica en el sector conservador y expres\u00f3 \u2018<strong>\u00a1Qu\u00e9 se vayan al carajo!\u2019.<\/strong><\/p>\n\n\n\n<p>\u2018\u2019Ahora hay una pol\u00e9mica porque vamos a contratar (&#8230;) sabemos que no nos van a alcanzar porque estos irresponsables corruptos nos dejaron sin m\u00e9dicos, no tenemos en M\u00e9xico los m\u00e9dicos que necesita nuestro pueblo. Esto tiene a los conservadores muy enojados, pues saben, \u00a1Qu\u00e9 se vayan al carajo! porque lo primero es la salud del pueblo\u2019&#8217;, dijo el mandatario<\/p>\n","protected":false},"excerpt":{"rendered":"<p>La periodista Rosa Lilia Torres, de Cajeme Sonora\u00a0denunci\u00f3 que ning\u00fan reportero del estado logr\u00f3 preguntarle alg\u00fan tema al\u00a0presidente Andr\u00e9s Manuel L\u00f3pez Obrador\u00a0durante su conferencia matutina de este s\u00e1bado porque siempre \u201cpreguntan los mismos\u201d. La ma\u00f1ana\u00a0de este d\u00eda 21 de mayo, el mandatario mexicano imparti\u00f3 su \u201cma\u00f1anera\u201d desde Cajame, donde abord\u00f3 la inseguridad y el tema [&hellip;]<\/p>\n","protected":false},"author":4,"featured_media":7254,"comment_status":"open","ping_status":"open","sticky":false,"template":"","format":"standard","meta":{"om_disable_all_campaigns":false,"_monsterinsights_skip_tracking":false,"_monsterinsights_sitenote_active":false,"_monsterinsights_sitenote_note":"","_monsterinsights_sitenote_category":0,"footnotes":""},"categories":[176],"tags":[195],"class_list":["post-7253","post","type-post","status-publish","format-standard","has-post-thumbnail","hentry","category-nacional","tag-principal"],"amp_enabled":true,"_links":{"self":[{"href":"https:\/\/lahora.mx\/index.php\/wp-json\/wp\/v2\/posts\/7253","targetHints":{"allow":["GET"]}}],"collection":[{"href":"https:\/\/lahora.mx\/index.php\/wp-json\/wp\/v2\/posts"}],"about":[{"href":"https:\/\/lahora.mx\/index.php\/wp-json\/wp\/v2\/types\/post"}],"author":[{"embeddable":true,"href":"https:\/\/lahora.mx\/index.php\/wp-json\/wp\/v2\/users\/4"}],"replies":[{"embeddable":true,"href":"https:\/\/lahora.mx\/index.php\/wp-json\/wp\/v2\/comments?post=7253"}],"version-history":[{"count":1,"href":"https:\/\/lahora.mx\/index.php\/wp-json\/wp\/v2\/posts\/7253\/revisions"}],"predecessor-version":[{"id":7255,"href":"https:\/\/lahora.mx\/index.php\/wp-json\/wp\/v2\/posts\/7253\/revisions\/7255"}],"wp:featuredmedia":[{"embeddable":true,"href":"https:\/\/lahora.mx\/index.php\/wp-json\/wp\/v2\/media\/7254"}],"wp:attachment":[{"href":"https:\/\/lahora.mx\/index.php\/wp-json\/wp\/v2\/media?parent=7253"}],"wp:term":[{"taxonomy":"category","embeddable":true,"href":"https:\/\/lahora.mx\/index.php\/wp-json\/wp\/v2\/categories?post=7253"},{"taxonomy":"post_tag","embeddable":true,"href":"https:\/\/lahora.mx\/index.php\/wp-json\/wp\/v2\/tags?post=7253"}],"curies":[{"name":"wp","href":"https:\/\/api.w.org\/{rel}","templated":true}]}}