{"id":72518,"date":"2025-12-04T23:22:48","date_gmt":"2025-12-04T23:22:48","guid":{"rendered":"https:\/\/lahora.mx\/?p=72518"},"modified":"2025-12-04T23:22:48","modified_gmt":"2025-12-04T23:22:48","slug":"detienen-a-extremista-pro-trump-que-coloco-bombas-en-el-capitolio-hace-4-anos","status":"publish","type":"post","link":"https:\/\/lahora.mx\/index.php\/2025\/12\/04\/detienen-a-extremista-pro-trump-que-coloco-bombas-en-el-capitolio-hace-4-anos\/","title":{"rendered":"Detienen a extremista Pro-Trump que coloc\u00f3 bombas en el Capitolio hace 4 a\u00f1os"},"content":{"rendered":"\n<p>Autoridades en Estados Unidos dieron a conocer que, tras meses de una investigaci\u00f3n exhaustiva, lograron detener al presunto responsable de haber colocado m\u00faltiples bombas en el Capitolio, la noche del 5 de enero del 2021, previo al ataque llevado a cabo por una multitud de extremistas pol\u00edticos Pro-Trump.<\/p>\n\n\n\n<p>Su detenci\u00f3n se dio a\u00f1os despu\u00e9s de que el FBI public\u00f3 un video en redes sociales donde se pod\u00eda ver la silueta del hombre y ofrecieron $500,000 d\u00f3lares por informaci\u00f3n, o el paradero, de este. Se sabe que un explosivo fue puesto en el edificio del Comit\u00e9 Nacional Dem\u00f3crata para asesinar a miembros de este partido.<br><br>Aunque cabe se\u00f1alar que este no fue un acto Pro-Republicano, ya que el hombre tambi\u00e9n coloc\u00f3 explosivos cerca de la sede republicana, como respuesta a lo que en ese momento fue visto como una supuesta traici\u00f3n a Donald Trump, quien alegaba que los dos partidos hab\u00edan arreglado las elecciones presidenciales.<\/p>\n\n\n\n<p>Por el momento se sabe que este arresto ocurri\u00f3 en Virginia, y que el hombre va a comparecer ante un tribunal en Washington. Cabe se\u00f1alar que esto se da pese a que el republicano le ha dado un indulto presidencial a todos los involucrados en los ataques que terminaron con la vida de 5 personas dentro del Capitolio.<\/p>\n","protected":false},"excerpt":{"rendered":"<p>Autoridades en Estados Unidos dieron a conocer que, tras meses de una investigaci\u00f3n exhaustiva, lograron detener al presunto responsable de haber colocado m\u00faltiples bombas en el Capitolio, la noche del 5 de enero del 2021, previo al ataque llevado a cabo por una multitud de extremistas pol\u00edticos Pro-Trump. Su detenci\u00f3n se dio a\u00f1os despu\u00e9s de [&hellip;]<\/p>\n","protected":false},"author":1,"featured_media":72519,"comment_status":"open","ping_status":"open","sticky":false,"template":"","format":"standard","meta":{"om_disable_all_campaigns":false,"_monsterinsights_skip_tracking":false,"_monsterinsights_sitenote_active":false,"_monsterinsights_sitenote_note":"","_monsterinsights_sitenote_category":0,"footnotes":""},"categories":[183],"tags":[],"class_list":["post-72518","post","type-post","status-publish","format-standard","has-post-thumbnail","hentry","category-internacional"],"amp_enabled":true,"_links":{"self":[{"href":"https:\/\/lahora.mx\/index.php\/wp-json\/wp\/v2\/posts\/72518","targetHints":{"allow":["GET"]}}],"collection":[{"href":"https:\/\/lahora.mx\/index.php\/wp-json\/wp\/v2\/posts"}],"about":[{"href":"https:\/\/lahora.mx\/index.php\/wp-json\/wp\/v2\/types\/post"}],"author":[{"embeddable":true,"href":"https:\/\/lahora.mx\/index.php\/wp-json\/wp\/v2\/users\/1"}],"replies":[{"embeddable":true,"href":"https:\/\/lahora.mx\/index.php\/wp-json\/wp\/v2\/comments?post=72518"}],"version-history":[{"count":1,"href":"https:\/\/lahora.mx\/index.php\/wp-json\/wp\/v2\/posts\/72518\/revisions"}],"predecessor-version":[{"id":72520,"href":"https:\/\/lahora.mx\/index.php\/wp-json\/wp\/v2\/posts\/72518\/revisions\/72520"}],"wp:featuredmedia":[{"embeddable":true,"href":"https:\/\/lahora.mx\/index.php\/wp-json\/wp\/v2\/media\/72519"}],"wp:attachment":[{"href":"https:\/\/lahora.mx\/index.php\/wp-json\/wp\/v2\/media?parent=72518"}],"wp:term":[{"taxonomy":"category","embeddable":true,"href":"https:\/\/lahora.mx\/index.php\/wp-json\/wp\/v2\/categories?post=72518"},{"taxonomy":"post_tag","embeddable":true,"href":"https:\/\/lahora.mx\/index.php\/wp-json\/wp\/v2\/tags?post=72518"}],"curies":[{"name":"wp","href":"https:\/\/api.w.org\/{rel}","templated":true}]}}