{"id":72512,"date":"2025-12-04T23:20:03","date_gmt":"2025-12-04T23:20:03","guid":{"rendered":"https:\/\/lahora.mx\/?p=72512"},"modified":"2025-12-04T23:20:04","modified_gmt":"2025-12-04T23:20:04","slug":"conor-mcgregor-queda-libre-tras-desestimarse-demanda-civil-por-agresion-sexual","status":"publish","type":"post","link":"https:\/\/lahora.mx\/index.php\/2025\/12\/04\/conor-mcgregor-queda-libre-tras-desestimarse-demanda-civil-por-agresion-sexual\/","title":{"rendered":"Conor McGregor queda libre tras desestimarse demanda civil por agresi\u00f3n sexual"},"content":{"rendered":"\n<p>El excampe\u00f3n de la UFC, Conor McGregor, sali\u00f3 libre de otra disputa legal tras la desestimaci\u00f3n de una demanda civil que lo acusaba de agresi\u00f3n sexual durante las Finales de la NBA 2023. La decisi\u00f3n del Tribunal de Distrito del Sur de Florida impide que la presunta v\u00edctima vuelva a presentar el caso.<\/p>\n\n\n\n<p>La demanda, presentada por una mujer identificada como \u2018Jane Doe\u2019 el 14 de enero de 2025, se\u00f1alaba un supuesto incidente ocurrido el 9 de junio de 2023 en un ba\u00f1o del Kaseya Center tras el Juego 4 de las finales. Adem\u00e1s de McGregor, la demanda inclu\u00eda como coacusados a la organizaci\u00f3n Miami Heat y al estadio. La demandante solicitaba compensaciones econ\u00f3micas por tratamientos m\u00e9dicos pasados y futuros, da\u00f1os compensatorios y otros pagos que el tribunal considerara pertinentes.<br><br>La abogada del peleador, Barbara Llanes, reiter\u00f3 que las acusaciones carec\u00edan de fundamento, calific\u00e1ndolas como \u201chistoria falsa\u201d. Se\u00f1al\u00f3 que la investigaci\u00f3n realizada en 2023 concluy\u00f3 sin que se presentaran cargos penales.<\/p>\n\n\n\n<p>\u201cA pesar del tiempo transcurrido y la intervenci\u00f3n de varios abogados, el demandante present\u00f3 una versi\u00f3n falsa de los hechos\u201d, declar\u00f3 Llanes a The Athletic.<\/p>\n\n\n\n<p>El abogado del demandante, James Dunn, confirm\u00f3 que se present\u00f3 un reporte policial el 11 de junio de 2023, aunque no ofreci\u00f3 detalles sobre la retirada voluntaria de la demanda.<\/p>\n\n\n\n<p>Antecedentes legales<br>Este caso se suma a otros conflictos legales para McGregor. En noviembre pasado, un tribunal en Irlanda lo declar\u00f3 culpable en un caso de agresi\u00f3n sexual y lo oblig\u00f3 a pagar m\u00e1s de 250 mil d\u00f3lares a la v\u00edctima. La apelaci\u00f3n presentada por el peleador fue desestimada a principios de este a\u00f1o.<\/p>\n\n\n\n<p>McGregor, excampe\u00f3n en dos divisiones de la UFC, no compite desde 2021 tras sufrir una fractura de pierna contra Dustin Poirier. A pesar de ello, ha manifestado su inter\u00e9s en regresar al oct\u00e1gono, incluso planteando pelear en una cartelera de UFC en la Casa Blanca en junio de 2026.<\/p>\n","protected":false},"excerpt":{"rendered":"<p>El excampe\u00f3n de la UFC, Conor McGregor, sali\u00f3 libre de otra disputa legal tras la desestimaci\u00f3n de una demanda civil que lo acusaba de agresi\u00f3n sexual durante las Finales de la NBA 2023. La decisi\u00f3n del Tribunal de Distrito del Sur de Florida impide que la presunta v\u00edctima vuelva a presentar el caso. La demanda, [&hellip;]<\/p>\n","protected":false},"author":1,"featured_media":72513,"comment_status":"open","ping_status":"open","sticky":false,"template":"","format":"standard","meta":{"om_disable_all_campaigns":false,"_monsterinsights_skip_tracking":false,"_monsterinsights_sitenote_active":false,"_monsterinsights_sitenote_note":"","_monsterinsights_sitenote_category":0,"footnotes":""},"categories":[6],"tags":[],"class_list":["post-72512","post","type-post","status-publish","format-standard","has-post-thumbnail","hentry","category-sports"],"amp_enabled":true,"_links":{"self":[{"href":"https:\/\/lahora.mx\/index.php\/wp-json\/wp\/v2\/posts\/72512","targetHints":{"allow":["GET"]}}],"collection":[{"href":"https:\/\/lahora.mx\/index.php\/wp-json\/wp\/v2\/posts"}],"about":[{"href":"https:\/\/lahora.mx\/index.php\/wp-json\/wp\/v2\/types\/post"}],"author":[{"embeddable":true,"href":"https:\/\/lahora.mx\/index.php\/wp-json\/wp\/v2\/users\/1"}],"replies":[{"embeddable":true,"href":"https:\/\/lahora.mx\/index.php\/wp-json\/wp\/v2\/comments?post=72512"}],"version-history":[{"count":1,"href":"https:\/\/lahora.mx\/index.php\/wp-json\/wp\/v2\/posts\/72512\/revisions"}],"predecessor-version":[{"id":72514,"href":"https:\/\/lahora.mx\/index.php\/wp-json\/wp\/v2\/posts\/72512\/revisions\/72514"}],"wp:featuredmedia":[{"embeddable":true,"href":"https:\/\/lahora.mx\/index.php\/wp-json\/wp\/v2\/media\/72513"}],"wp:attachment":[{"href":"https:\/\/lahora.mx\/index.php\/wp-json\/wp\/v2\/media?parent=72512"}],"wp:term":[{"taxonomy":"category","embeddable":true,"href":"https:\/\/lahora.mx\/index.php\/wp-json\/wp\/v2\/categories?post=72512"},{"taxonomy":"post_tag","embeddable":true,"href":"https:\/\/lahora.mx\/index.php\/wp-json\/wp\/v2\/tags?post=72512"}],"curies":[{"name":"wp","href":"https:\/\/api.w.org\/{rel}","templated":true}]}}