{"id":72491,"date":"2025-12-04T16:29:12","date_gmt":"2025-12-04T16:29:12","guid":{"rendered":"https:\/\/lahora.mx\/?p=72491"},"modified":"2025-12-04T16:29:12","modified_gmt":"2025-12-04T16:29:12","slug":"sheinbaum-viajara-a-washington-y-se-reunira-con-trump-y-carney","status":"publish","type":"post","link":"https:\/\/lahora.mx\/index.php\/2025\/12\/04\/sheinbaum-viajara-a-washington-y-se-reunira-con-trump-y-carney\/","title":{"rendered":"Sheinbaum viajar\u00e1 a Washington y se reunir\u00e1 con Trump y Carney"},"content":{"rendered":"\n<p>La presidenta Claudia Sheinbaum anunci\u00f3 que esta tarde partir\u00e1 rumbo a Washington a bordo de una aeronave de la Secretar\u00eda de la Defensa Nacional, donde sostendr\u00e1 una serie de encuentros oficiales en el marco del sorteo de grupos de la Copa Mundial FIFA 2026. La mandataria detall\u00f3 que su visita incluir\u00e1 reuniones con el presidente de Estados Unidos, Donald Trump; el presidente de la FIFA; y el primer ministro de Canad\u00e1, Mark Carney, previo al evento deportivo que reunir\u00e1 a los tres l\u00edderes norteamericanos por primera vez en un acto de esta naturaleza.<\/p>\n\n\n\n<p>De acuerdo con la agenda presidencial, Sheinbaum viajar\u00e1 esta misma tarde-noche y se hospedar\u00e1 en un hotel de la capital estadounidense. Ma\u00f1ana participar\u00e1 en las reuniones bilaterales y trilaterales programadas, adem\u00e1s de asistir al desarrollo del sorteo mundialista, para posteriormente regresar a M\u00e9xico el viernes por la noche.<br>La presidenta destac\u00f3 la relevancia del evento para la regi\u00f3n, al recordar que el Mundial 2026 se realizar\u00e1 de manera conjunta entre M\u00e9xico, Estados Unidos y Canad\u00e1. Se\u00f1al\u00f3 adem\u00e1s que se prev\u00e9 la llegada de alrededor de 5.5 millones de turistas al pa\u00eds con motivo del torneo, lo que representa una oportunidad significativa para el sector econ\u00f3mico y tur\u00edstico nacional.<\/p>\n","protected":false},"excerpt":{"rendered":"<p>La presidenta Claudia Sheinbaum anunci\u00f3 que esta tarde partir\u00e1 rumbo a Washington a bordo de una aeronave de la Secretar\u00eda de la Defensa Nacional, donde sostendr\u00e1 una serie de encuentros oficiales en el marco del sorteo de grupos de la Copa Mundial FIFA 2026. La mandataria detall\u00f3 que su visita incluir\u00e1 reuniones con el presidente [&hellip;]<\/p>\n","protected":false},"author":1,"featured_media":72492,"comment_status":"open","ping_status":"open","sticky":false,"template":"","format":"standard","meta":{"om_disable_all_campaigns":false,"_monsterinsights_skip_tracking":false,"_monsterinsights_sitenote_active":false,"_monsterinsights_sitenote_note":"","_monsterinsights_sitenote_category":0,"footnotes":""},"categories":[176],"tags":[],"class_list":["post-72491","post","type-post","status-publish","format-standard","has-post-thumbnail","hentry","category-nacional"],"amp_enabled":true,"_links":{"self":[{"href":"https:\/\/lahora.mx\/index.php\/wp-json\/wp\/v2\/posts\/72491","targetHints":{"allow":["GET"]}}],"collection":[{"href":"https:\/\/lahora.mx\/index.php\/wp-json\/wp\/v2\/posts"}],"about":[{"href":"https:\/\/lahora.mx\/index.php\/wp-json\/wp\/v2\/types\/post"}],"author":[{"embeddable":true,"href":"https:\/\/lahora.mx\/index.php\/wp-json\/wp\/v2\/users\/1"}],"replies":[{"embeddable":true,"href":"https:\/\/lahora.mx\/index.php\/wp-json\/wp\/v2\/comments?post=72491"}],"version-history":[{"count":1,"href":"https:\/\/lahora.mx\/index.php\/wp-json\/wp\/v2\/posts\/72491\/revisions"}],"predecessor-version":[{"id":72493,"href":"https:\/\/lahora.mx\/index.php\/wp-json\/wp\/v2\/posts\/72491\/revisions\/72493"}],"wp:featuredmedia":[{"embeddable":true,"href":"https:\/\/lahora.mx\/index.php\/wp-json\/wp\/v2\/media\/72492"}],"wp:attachment":[{"href":"https:\/\/lahora.mx\/index.php\/wp-json\/wp\/v2\/media?parent=72491"}],"wp:term":[{"taxonomy":"category","embeddable":true,"href":"https:\/\/lahora.mx\/index.php\/wp-json\/wp\/v2\/categories?post=72491"},{"taxonomy":"post_tag","embeddable":true,"href":"https:\/\/lahora.mx\/index.php\/wp-json\/wp\/v2\/tags?post=72491"}],"curies":[{"name":"wp","href":"https:\/\/api.w.org\/{rel}","templated":true}]}}