{"id":72485,"date":"2025-12-04T16:18:18","date_gmt":"2025-12-04T16:18:18","guid":{"rendered":"https:\/\/lahora.mx\/?p=72485"},"modified":"2025-12-04T16:18:19","modified_gmt":"2025-12-04T16:18:19","slug":"sedif-invertira-2-millones-de-pesos-para-reequipar-la-casa-del-abue","status":"publish","type":"post","link":"https:\/\/lahora.mx\/index.php\/2025\/12\/04\/sedif-invertira-2-millones-de-pesos-para-reequipar-la-casa-del-abue\/","title":{"rendered":"SEDIF invertir\u00e1 2 millones de pesos para reequipar la Casa del Abue"},"content":{"rendered":"\n<p>Con el objetivo de procurar el cuidado y la comodidad de los adultos mayores que son atendidos en el Centro de Gerontolog\u00eda Casa del Abue, la presidenta del Patronato del Sistema Estatal para el Desarrollo Integral de la Familia (SEDIF), Ceci Arellano, entreg\u00f3 dos cheques de un mill\u00f3n de pesos cada uno, para reequipar los espacios de panader\u00eda, taller de cocina, comprar computadoras y mobiliario para las oficinas administrativas, y servicio de podolog\u00eda, as\u00ed como equipo de audio y de fisiatr\u00eda.<\/p>\n\n\n\n<p>En su mensaje, destac\u00f3 que para ella y para su esposo, el gobernador Alejandro Armenta, el cuidado y protecci\u00f3n de las y los abuelitos es una prioridad. \u201cTengan la seguridad de que seguiremos con el trabajo diario para que se sientan valorados y acompa\u00f1ados\u201d, expres\u00f3.<br>Por su parte, el director general del SEDIF, Juan Carlos Valdez Zayas, inform\u00f3 los avances de las dos nuevas casas del Abue que tendr\u00e1 Puebla capital: la segunda casa se encuentra en Torres de Mayorazgo, lleva un avance de construcci\u00f3n del 85 por ciento y ser\u00e1 inaugurada por el mandatario Alejandro Armenta y la presidenta Ceci Arellano en este mes; mientras que la tercera, se empezar\u00e1 a construir en diciembre 2025 y se terminar\u00e1 en marzo del 2026. Se ubicar\u00e1 en la colonia Lomas de San Miguel, en un espacio de 6 mil metros cuadrados. \u201cVamos a cerrar el a\u00f1o con 214 Estancias de D\u00eda, localizadas en 138 municipios en las que m\u00e1s de 10 mil abuelitos son atendidos cada d\u00eda\u201d, a\u00f1adi\u00f3.<\/p>\n\n\n\n<p>Entre un ambiente de alegr\u00eda, m\u00fasica y baile, las y los abuelitos recibieron de manos de la presidenta Ceci Arellano y el director general del organismo, apoyos que son parte del programa de obra comunitaria, 400 sillas apilables, tres juegos de mesa de jard\u00edn, cuatro ventiladores tipo tambor de alta potencia, 20 m\u00e1s tipo torre; cinco despachadores de agua y un tanque estacionario de gas, entre otros materiales que representan un paso hacia un espacio m\u00e1s digno, c\u00f3modo y funcional.<\/p>\n\n\n\n<p>De la misma manera se entregaron sillas de ruedas, bastones, muletas y andaderas, como parte de los beneficios y con el mensaje claro a cada una de las y los presentes: \u201cNo est\u00e1n solas ni solos\u201d. Las y los usuarios agradecieron los apoyos otorgados a la Casa del Abue, al sentirse protegidos y escuchados por el Gobierno del Estado de Puebla.<\/p>\n","protected":false},"excerpt":{"rendered":"<p>Con el objetivo de procurar el cuidado y la comodidad de los adultos mayores que son atendidos en el Centro de Gerontolog\u00eda Casa del Abue, la presidenta del Patronato del Sistema Estatal para el Desarrollo Integral de la Familia (SEDIF), Ceci Arellano, entreg\u00f3 dos cheques de un mill\u00f3n de pesos cada uno, para reequipar los [&hellip;]<\/p>\n","protected":false},"author":1,"featured_media":72486,"comment_status":"open","ping_status":"open","sticky":false,"template":"","format":"standard","meta":{"om_disable_all_campaigns":false,"_monsterinsights_skip_tracking":false,"_monsterinsights_sitenote_active":false,"_monsterinsights_sitenote_note":"","_monsterinsights_sitenote_category":0,"footnotes":""},"categories":[175],"tags":[239,195,223],"class_list":["post-72485","post","type-post","status-publish","format-standard","has-post-thumbnail","hentry","category-local","tag-gobierno","tag-principal","tag-puebla"],"amp_enabled":true,"_links":{"self":[{"href":"https:\/\/lahora.mx\/index.php\/wp-json\/wp\/v2\/posts\/72485","targetHints":{"allow":["GET"]}}],"collection":[{"href":"https:\/\/lahora.mx\/index.php\/wp-json\/wp\/v2\/posts"}],"about":[{"href":"https:\/\/lahora.mx\/index.php\/wp-json\/wp\/v2\/types\/post"}],"author":[{"embeddable":true,"href":"https:\/\/lahora.mx\/index.php\/wp-json\/wp\/v2\/users\/1"}],"replies":[{"embeddable":true,"href":"https:\/\/lahora.mx\/index.php\/wp-json\/wp\/v2\/comments?post=72485"}],"version-history":[{"count":1,"href":"https:\/\/lahora.mx\/index.php\/wp-json\/wp\/v2\/posts\/72485\/revisions"}],"predecessor-version":[{"id":72487,"href":"https:\/\/lahora.mx\/index.php\/wp-json\/wp\/v2\/posts\/72485\/revisions\/72487"}],"wp:featuredmedia":[{"embeddable":true,"href":"https:\/\/lahora.mx\/index.php\/wp-json\/wp\/v2\/media\/72486"}],"wp:attachment":[{"href":"https:\/\/lahora.mx\/index.php\/wp-json\/wp\/v2\/media?parent=72485"}],"wp:term":[{"taxonomy":"category","embeddable":true,"href":"https:\/\/lahora.mx\/index.php\/wp-json\/wp\/v2\/categories?post=72485"},{"taxonomy":"post_tag","embeddable":true,"href":"https:\/\/lahora.mx\/index.php\/wp-json\/wp\/v2\/tags?post=72485"}],"curies":[{"name":"wp","href":"https:\/\/api.w.org\/{rel}","templated":true}]}}