{"id":72482,"date":"2025-12-04T16:16:48","date_gmt":"2025-12-04T16:16:48","guid":{"rendered":"https:\/\/lahora.mx\/?p=72482"},"modified":"2025-12-04T16:16:49","modified_gmt":"2025-12-04T16:16:49","slug":"hallan-cuerpo-de-hombre-con-huellas-de-violencia-a-un-costado-del-cis-en-serdan","status":"publish","type":"post","link":"https:\/\/lahora.mx\/index.php\/2025\/12\/04\/hallan-cuerpo-de-hombre-con-huellas-de-violencia-a-un-costado-del-cis-en-serdan\/","title":{"rendered":"Hallan cuerpo de hombre con huellas de violencia a un costado del CIS en Serd\u00e1n"},"content":{"rendered":"\n<p>Sorpresa se llevaron vecinos de la zona de Ciudad Serd\u00e1n, luego de que fue hallado un hombre sin vida el cual fue localizado a un costado del Complejo de Seguridad (CIS), en el interior de un establecimiento comercial.<\/p>\n\n\n\n<p>El hallazgo del cuerpo se realiz\u00f3 cerca de la carretera El Seco\u2013Esperanza, luego de que el cuerpo del var\u00f3n que en vida llevaba el nombre de Juan N., de aproximadamente 50 a\u00f1os, presentaba huellas de violencia.<\/p>\n\n\n\n<p>Hasta el momento, no hay informaci\u00f3n oficial sobre las causas del deceso, adem\u00e1s de que no se reportan personas detenidas relacionadas con este hecho.<\/p>\n\n\n\n<p>Elementos de la Fiscal\u00eda General del Estado acudieron al lugar para iniciar las indagatorias y efectuar el levantamiento del cuerpo, siendo familiares quienes lograron identificar el cuerpo del hoy occiso.<\/p>\n\n\n\n<p>El \u00e1rea permaneci\u00f3 acordonada mientras se realizaron las diligencias correspondientes por lo que adem\u00e1s los habitantes pidieron mayor seguridad para evitar que hechos como este contin\u00faen ocurriendo.<\/p>\n","protected":false},"excerpt":{"rendered":"<p>Sorpresa se llevaron vecinos de la zona de Ciudad Serd\u00e1n, luego de que fue hallado un hombre sin vida el cual fue localizado a un costado del Complejo de Seguridad (CIS), en el interior de un establecimiento comercial. El hallazgo del cuerpo se realiz\u00f3 cerca de la carretera El Seco\u2013Esperanza, luego de que el cuerpo [&hellip;]<\/p>\n","protected":false},"author":1,"featured_media":72483,"comment_status":"open","ping_status":"open","sticky":false,"template":"","format":"standard","meta":{"om_disable_all_campaigns":false,"_monsterinsights_skip_tracking":false,"_monsterinsights_sitenote_active":false,"_monsterinsights_sitenote_note":"","_monsterinsights_sitenote_category":0,"footnotes":""},"categories":[176,226],"tags":[],"class_list":["post-72482","post","type-post","status-publish","format-standard","has-post-thumbnail","hentry","category-nacional","category-policia"],"amp_enabled":true,"_links":{"self":[{"href":"https:\/\/lahora.mx\/index.php\/wp-json\/wp\/v2\/posts\/72482","targetHints":{"allow":["GET"]}}],"collection":[{"href":"https:\/\/lahora.mx\/index.php\/wp-json\/wp\/v2\/posts"}],"about":[{"href":"https:\/\/lahora.mx\/index.php\/wp-json\/wp\/v2\/types\/post"}],"author":[{"embeddable":true,"href":"https:\/\/lahora.mx\/index.php\/wp-json\/wp\/v2\/users\/1"}],"replies":[{"embeddable":true,"href":"https:\/\/lahora.mx\/index.php\/wp-json\/wp\/v2\/comments?post=72482"}],"version-history":[{"count":1,"href":"https:\/\/lahora.mx\/index.php\/wp-json\/wp\/v2\/posts\/72482\/revisions"}],"predecessor-version":[{"id":72484,"href":"https:\/\/lahora.mx\/index.php\/wp-json\/wp\/v2\/posts\/72482\/revisions\/72484"}],"wp:featuredmedia":[{"embeddable":true,"href":"https:\/\/lahora.mx\/index.php\/wp-json\/wp\/v2\/media\/72483"}],"wp:attachment":[{"href":"https:\/\/lahora.mx\/index.php\/wp-json\/wp\/v2\/media?parent=72482"}],"wp:term":[{"taxonomy":"category","embeddable":true,"href":"https:\/\/lahora.mx\/index.php\/wp-json\/wp\/v2\/categories?post=72482"},{"taxonomy":"post_tag","embeddable":true,"href":"https:\/\/lahora.mx\/index.php\/wp-json\/wp\/v2\/tags?post=72482"}],"curies":[{"name":"wp","href":"https:\/\/api.w.org\/{rel}","templated":true}]}}